{"id":3007,"date":"2020-10-20T21:38:13","date_gmt":"2020-10-20T21:38:13","guid":{"rendered":"http:\/\/ciudadtrujillo.com\/?p=3007"},"modified":"2020-10-20T21:38:13","modified_gmt":"2020-10-20T21:38:13","slug":"15-mil-hectareas-de-maiz-en-trujillo","status":"publish","type":"post","link":"https:\/\/ciudadtrujillo.com\/?p=3007","title":{"rendered":"Impulsan cosecha de 15 mil hect\u00e1reas de ma\u00edz en Trujillo"},"content":{"rendered":"<p style=\"text-align: justify;\">Como parte de las pol\u00edticas destinadas al impulso de la producci\u00f3n agr\u00edcola en el estado Trujillo, alrededor de 15 mil hect\u00e1reas de ma\u00edz est\u00e1n sembradas en diversos espacios de la entidad, las cuales se encuentran en pleno desarrollo del cultivo con el laboreo del trabajo de mecanizaci\u00f3n y la fertilizaci\u00f3n, para comenzar la fase de cosecha en los pr\u00f3ximos meses; as\u00ed lo inform\u00f3 el gobernador bolivariano, G\/J Henry Rangel Silva, desde la Unidad de Producci\u00f3n Social Agr\u00edcola (Upsa) El Carmen, ubicada en el municipio Candelaria.<\/p>\n<p style=\"text-align: justify;\">\n<blockquote>\n<p style=\"text-align: justify;\">\u201cVemos el trabajo que se le est\u00e1 haciendo a estas plantaciones, sacando provecho de lo que son las bondades de la naturaleza y que en el estado Trujillo se dan las condiciones para la siembra de ma\u00edz, en trabajo conjunto entre Gobierno Nacional, estadal y peque\u00f1os productores, estamos aprovechando la fase final del a\u00f1o para desarrollar esta actividad\u201d, resalt\u00f3.<\/p>\n<\/blockquote>\n<p style=\"text-align: justify;\">\n<p style=\"text-align: justify;\">Indic\u00f3 que en el estado Trujillo ha incrementado considerablemente en este \u00faltimo a\u00f1o la siembra de mus\u00e1ceas (pl\u00e1tanos, banano, cambur) que son llevadas a los mercados nacionales. Igualmente destac\u00f3 que se mantiene la producci\u00f3n de hortalizas, verduras, frutas, ra\u00edces y tub\u00e9rculos que a diario se distribuye en varios estados del pa\u00eds.<\/p>\n<p style=\"text-align: justify;\">\n<blockquote>\n<p style=\"text-align: justify;\">\u201cTrujillo un importante productor de alimentos, se ha mantenido y ha logrado superar las dificultades producto del bloqueo econ\u00f3mico impuesto por el gobierno de Estados Unidos y la pandemia del covid-19. Son resultados que nos enorgullecen mucho del trabajo de cada uno de los productores agr\u00edcolas, reconocemos el empe\u00f1o de ellos para impulsar la actividad agr\u00edcola\u201d, asegur\u00f3.<\/p>\n<\/blockquote>\n<p style=\"text-align: justify;\">\n<p style=\"text-align: justify;\">El gobernador agradeci\u00f3 al presidente de la Rep\u00fablica Bolivariana de Venezuela, Nicol\u00e1s Maduro y al Ministerio del Poder Popular de Agricultura Productiva y Tierras por el apoyo que permite que en los campos trujillanos se contin\u00fae cultivando y produciendo.<\/p>\n<p style=\"text-align: justify;\">\n<blockquote>\n<p style=\"text-align: justify;\">\u201cHemos trabajado con algo fundamental, la asociaci\u00f3n con el productor y en las Unidades de Producci\u00f3n Social Agr\u00edcola que maneja la Gobernaci\u00f3n hemos hecho punto y c\u00edrculo y en cada una de ellas hay productores de la zona que han resultado favorecidos por el sistema de insumos\u201d, expres\u00f3.<\/p>\n<\/blockquote>\n<p style=\"text-align: justify;\">\n<p style=\"text-align: justify;\">Recalc\u00f3 que en la entidad se lleva a cabo el relanzamiento de la Gran Misi\u00f3n AgroVenezuela, con nuevos v\u00e9rtices, metas y objetivos que se construyen desde el campo mediante el engranaje correcto con las instituciones que tienen como tarea fundamental materializar los objetivos; \u201ccomo lo ha dicho el presidente, entre cuarentena y producci\u00f3n no hay contradicci\u00f3n\u00bb, puntualiz\u00f3 Rangel Silva.<\/p>\n<p style=\"text-align: justify;\">\n<p style=\"text-align: justify;\">\n<p style=\"text-align: justify;\">\n<p style=\"text-align: justify;\">\n<h6 style=\"text-align: justify;\"><em>Yelimar Hidalgo<\/em><\/h6>\n<h6 style=\"text-align: justify;\"><em>Gr\u00e1ficas: Douglas Rivas<\/em><\/h6>\n<p style=\"text-align: justify;\">\n<p style=\"text-align: justify;\">\n","protected":false},"excerpt":{"rendered":"<p>Como parte de las pol\u00edticas destinadas al impulso de la producci\u00f3n agr\u00edcola en el estado Trujillo, alrededor de 15 mil hect\u00e1reas de ma\u00edz est\u00e1n sembradas en diversos espacios de la&hellip; <\/p>\n","protected":false},"author":1,"featured_media":3008,"comment_status":"closed","ping_status":"closed","sticky":false,"template":"","format":"standard","meta":{"footnotes":""},"categories":[52,40],"tags":[],"class_list":["post-3007","post","type-post","status-publish","format-standard","has-post-thumbnail","hentry","category-destacadas","category-grantrujillo"],"_links":{"self":[{"href":"https:\/\/ciudadtrujillo.com\/index.php?rest_route=\/wp\/v2\/posts\/3007","targetHints":{"allow":["GET"]}}],"collection":[{"href":"https:\/\/ciudadtrujillo.com\/index.php?rest_route=\/wp\/v2\/posts"}],"about":[{"href":"https:\/\/ciudadtrujillo.com\/index.php?rest_route=\/wp\/v2\/types\/post"}],"author":[{"embeddable":true,"href":"https:\/\/ciudadtrujillo.com\/index.php?rest_route=\/wp\/v2\/users\/1"}],"replies":[{"embeddable":true,"href":"https:\/\/ciudadtrujillo.com\/index.php?rest_route=%2Fwp%2Fv2%2Fcomments&post=3007"}],"version-history":[{"count":2,"href":"https:\/\/ciudadtrujillo.com\/index.php?rest_route=\/wp\/v2\/posts\/3007\/revisions"}],"predecessor-version":[{"id":3010,"href":"https:\/\/ciudadtrujillo.com\/index.php?rest_route=\/wp\/v2\/posts\/3007\/revisions\/3010"}],"wp:featuredmedia":[{"embeddable":true,"href":"https:\/\/ciudadtrujillo.com\/index.php?rest_route=\/wp\/v2\/media\/3008"}],"wp:attachment":[{"href":"https:\/\/ciudadtrujillo.com\/index.php?rest_route=%2Fwp%2Fv2%2Fmedia&parent=3007"}],"wp:term":[{"taxonomy":"category","embeddable":true,"href":"https:\/\/ciudadtrujillo.com\/index.php?rest_route=%2Fwp%2Fv2%2Fcategories&post=3007"},{"taxonomy":"post_tag","embeddable":true,"href":"https:\/\/ciudadtrujillo.com\/index.php?rest_route=%2Fwp%2Fv2%2Ftags&post=3007"}],"curies":[{"name":"wp","href":"https:\/\/api.w.org\/{rel}","templated":true}]}}