{"id":3004,"date":"2020-10-20T21:34:30","date_gmt":"2020-10-20T21:34:30","guid":{"rendered":"http:\/\/ciudadtrujillo.com\/?p=3004"},"modified":"2020-10-20T21:34:30","modified_gmt":"2020-10-20T21:34:30","slug":"activan-espacios-turisticos-en-trujillo","status":"publish","type":"post","link":"https:\/\/ciudadtrujillo.com\/?p=3004","title":{"rendered":"Activan espacios tur\u00edsticos en Trujillo durante esquema 7+7 plus"},"content":{"rendered":"<p style=\"text-align: justify;\">Como parte de la incorporaci\u00f3n de los nuevos sectores autorizados por el Ejecutivo Nacional para laborar durante la semana de flexibilizaci\u00f3n, en el estado Trujillo se activaron los espacios tur\u00edsticos cumpliendo las medidas de bioseguridad.<\/p>\n<p style=\"text-align: justify;\">En este sentido, el presidente de la Corporaci\u00f3n Trujillana de Turismo, Mario P\u00e9rez, detall\u00f3 que en la regi\u00f3n se aperturaron los atractivos naturales, hist\u00f3ricos, religiosos, de aventura, \u201chemos trabajado de la mano con el sector privado, aliados fundamentales para el desarrollo tur\u00edstico de la regi\u00f3n, hemos estado en continuas mesas de trabajo para el entendimiento, planificaci\u00f3n y desarrollo tur\u00edstico\u201d.<\/p>\n<p style=\"text-align: justify;\">De igual manera, inform\u00f3 que desde la Corporaci\u00f3n Trujillana de Turismo han realizado reuniones con el sector artesano en Isnot\u00fa, que atienden a propios y visitantes del santuario del Dr. Jos\u00e9 Gregorio Hern\u00e1ndez, para impulsar el \u00e1rea comercial e incidir en la econom\u00eda regional, \u201c78 microempresarios ofrecer\u00e1n artesan\u00edas, recuerdos y otros art\u00edculos al p\u00fablico en general\u201d.<\/p>\n<p style=\"text-align: justify;\">Por otra parte, P\u00e9rez record\u00f3 que el pr\u00f3ximo mes de noviembre se conmemora el Bicentenario de los Tratados de Armisticio y Regularizaci\u00f3n de la Guerra, por lo que el sector tur\u00edstico se prepara para enaltecer esta importante gesta hist\u00f3rica.<\/p>\n<p style=\"text-align: justify;\">\u201cEl gobernador Henry Rangel Silva nos instruy\u00f3 a trabajar arduamente en la poblaci\u00f3n de Santa Ana para preparar los actos conmemorativos a este hecho hist\u00f3rico tan importante para el pa\u00eds como fue el Abrazo de Bol\u00edvar y Morillo y en el cual recibiremos autoridades regionales y nacionales, as\u00ed como propios y visitantes, los cuales atenderemos gustosamente bajo las estrictas medidas de prevenci\u00f3n\u201d, enfatiz\u00f3 el presidente de la Corporaci\u00f3n Trujillana de Turismo.<\/p>\n<p style=\"text-align: justify;\">Finalmente, sostuvo que es importante que se mantengan las medidas de bioseguridad para que la reactivaci\u00f3n econ\u00f3mica sea un \u00e9xito garantizando la salud del pueblo.<\/p>\n<p style=\"text-align: justify;\">\n<p style=\"text-align: justify;\">\n<p style=\"text-align: justify;\">\n<h6 style=\"text-align: justify;\"><em>Yarlenis Albarr\u00e1n<\/em><\/h6>\n<h6 style=\"text-align: justify;\"><em>Gr\u00e1fica: Referencial<\/em><\/h6>\n<p style=\"text-align: justify;\">\n","protected":false},"excerpt":{"rendered":"<p>Como parte de la incorporaci\u00f3n de los nuevos sectores autorizados por el Ejecutivo Nacional para laborar durante la semana de flexibilizaci\u00f3n, en el estado Trujillo se activaron los espacios tur\u00edsticos&hellip; <\/p>\n","protected":false},"author":1,"featured_media":3005,"comment_status":"closed","ping_status":"closed","sticky":false,"template":"","format":"standard","meta":{"footnotes":""},"categories":[40],"tags":[],"class_list":["post-3004","post","type-post","status-publish","format-standard","has-post-thumbnail","hentry","category-grantrujillo"],"_links":{"self":[{"href":"https:\/\/ciudadtrujillo.com\/index.php?rest_route=\/wp\/v2\/posts\/3004","targetHints":{"allow":["GET"]}}],"collection":[{"href":"https:\/\/ciudadtrujillo.com\/index.php?rest_route=\/wp\/v2\/posts"}],"about":[{"href":"https:\/\/ciudadtrujillo.com\/index.php?rest_route=\/wp\/v2\/types\/post"}],"author":[{"embeddable":true,"href":"https:\/\/ciudadtrujillo.com\/index.php?rest_route=\/wp\/v2\/users\/1"}],"replies":[{"embeddable":true,"href":"https:\/\/ciudadtrujillo.com\/index.php?rest_route=%2Fwp%2Fv2%2Fcomments&post=3004"}],"version-history":[{"count":1,"href":"https:\/\/ciudadtrujillo.com\/index.php?rest_route=\/wp\/v2\/posts\/3004\/revisions"}],"predecessor-version":[{"id":3006,"href":"https:\/\/ciudadtrujillo.com\/index.php?rest_route=\/wp\/v2\/posts\/3004\/revisions\/3006"}],"wp:featuredmedia":[{"embeddable":true,"href":"https:\/\/ciudadtrujillo.com\/index.php?rest_route=\/wp\/v2\/media\/3005"}],"wp:attachment":[{"href":"https:\/\/ciudadtrujillo.com\/index.php?rest_route=%2Fwp%2Fv2%2Fmedia&parent=3004"}],"wp:term":[{"taxonomy":"category","embeddable":true,"href":"https:\/\/ciudadtrujillo.com\/index.php?rest_route=%2Fwp%2Fv2%2Fcategories&post=3004"},{"taxonomy":"post_tag","embeddable":true,"href":"https:\/\/ciudadtrujillo.com\/index.php?rest_route=%2Fwp%2Fv2%2Ftags&post=3004"}],"curies":[{"name":"wp","href":"https:\/\/api.w.org\/{rel}","templated":true}]}}