{"id":2998,"date":"2020-10-20T21:27:19","date_gmt":"2020-10-20T21:27:19","guid":{"rendered":"http:\/\/ciudadtrujillo.com\/?p=2998"},"modified":"2020-10-20T21:27:19","modified_gmt":"2020-10-20T21:27:19","slug":"programas-sociales-del-ianet","status":"publish","type":"post","link":"https:\/\/ciudadtrujillo.com\/?p=2998","title":{"rendered":"Programas sociales del Ianet dan atenci\u00f3n social a familias vulnerables"},"content":{"rendered":"<p style=\"text-align: justify;\">El Instituto de Alimentaci\u00f3n y Nutrici\u00f3n del estado Trujillo (Ianet) en medio de la cuarentena social, mantiene los programas especiales; as\u00ed como la atenci\u00f3n necesaria en articulaci\u00f3n perfecta con las instituciones competentes, seg\u00fan explic\u00f3 el licenciado Daniel Garc\u00eda, gerente del Instituto y Coordinador del Eje Carvajal de Fundasalud.<\/p>\n<p style=\"text-align: justify;\">Durante una entrevista transmitida por la emisora Paisana 92.5 fm, Garc\u00eda abord\u00f3 temas fundamentales para el pueblo trujillano, en materia de salud m\u00e9dico nutricional, enmarcados en las 5 l\u00edneas de acci\u00f3n ordenadas por el gobernador Rangel Silva para erradicar la pobreza en Trujillo.<\/p>\n<p style=\"text-align: justify;\">En cuanto al Plan de protecci\u00f3n del Instituto de Alimentaci\u00f3n y Nutrici\u00f3n del estado Trujillo (Ianet) inform\u00f3 que el referido ente lleva una gesti\u00f3n de continuidad con la finalidad de maximizar la atenci\u00f3n social en miras de la tercera l\u00ednea de acci\u00f3n, \u201cpara eso entra all\u00ed el Plan de Protecci\u00f3n Nutricional del estado Trujillo que es un objetivo individualizado, dirigido, colectivo que busca proteger por un periodo de tres meses al usuario en los niveles m\u00e9dico nutricional, para ayudar al ni\u00f1o, ni\u00f1a y adolescente, al joven, mujer embarazada a salir de ese tr\u00e1nsito de vulnerabilidad en lo cual est\u00e1 pasando\u201d, dijo.<\/p>\n<p style=\"text-align: justify;\">Admiti\u00f3 que fue una de las principales tareas asignadas por la primera combatiente Dra. Jackeline Pe\u00f1aloza de Rangel, con la misi\u00f3n de profundizar, supervisar y gestionar no solo con la parte nutricional sino tambi\u00e9n atender \u00edntegramente a los favorecidos de los programas sociales.<\/p>\n<p style=\"text-align: justify;\">El Coordinador del Eje Carvajal expres\u00f3 que uno de los lineamientos dictados por el mandatario regional Henry rangel Silva hace m\u00e1s de 3 a\u00f1os fue el no catalogar a la persona como un beneficiario m\u00e1s, sino un usuario de un programa de atenci\u00f3n por tiempo determinado que se refuerza con el trato individualizado y a su vez llegando a los n\u00facleos familiares.<\/p>\n<p style=\"text-align: justify;\">\u201cNo se trata de la entrega puntual por tanto tiempo de un suplemento, se trata de solucionar, de coadyuvar entre todas y todos a la soluci\u00f3n de rescatar a esa persona de la vulnerabilidad m\u00e9dico nutricional y ayudarla a que se empodere y salga adelante en revoluci\u00f3n\u201d, enfatiz\u00f3 Daniel Garc\u00eda.<\/p>\n<p style=\"text-align: justify;\">\n<p style=\"text-align: justify;\">\n<p style=\"text-align: justify;\">\n<p style=\"text-align: justify;\">\n<p style=\"text-align: justify;\">\n<h6 style=\"text-align: justify;\"><em>Fiorella Villa<\/em><\/h6>\n<h6 style=\"text-align: justify;\"><em>Gr\u00e1fica: Cortes\u00eda<\/em><\/h6>\n<p style=\"text-align: justify;\">\n","protected":false},"excerpt":{"rendered":"<p>El Instituto de Alimentaci\u00f3n y Nutrici\u00f3n del estado Trujillo (Ianet) en medio de la cuarentena social, mantiene los programas especiales; as\u00ed como la atenci\u00f3n necesaria en articulaci\u00f3n perfecta con las&hellip; <\/p>\n","protected":false},"author":1,"featured_media":2999,"comment_status":"closed","ping_status":"closed","sticky":false,"template":"","format":"standard","meta":{"footnotes":""},"categories":[40],"tags":[],"class_list":["post-2998","post","type-post","status-publish","format-standard","has-post-thumbnail","hentry","category-grantrujillo"],"_links":{"self":[{"href":"https:\/\/ciudadtrujillo.com\/index.php?rest_route=\/wp\/v2\/posts\/2998","targetHints":{"allow":["GET"]}}],"collection":[{"href":"https:\/\/ciudadtrujillo.com\/index.php?rest_route=\/wp\/v2\/posts"}],"about":[{"href":"https:\/\/ciudadtrujillo.com\/index.php?rest_route=\/wp\/v2\/types\/post"}],"author":[{"embeddable":true,"href":"https:\/\/ciudadtrujillo.com\/index.php?rest_route=\/wp\/v2\/users\/1"}],"replies":[{"embeddable":true,"href":"https:\/\/ciudadtrujillo.com\/index.php?rest_route=%2Fwp%2Fv2%2Fcomments&post=2998"}],"version-history":[{"count":1,"href":"https:\/\/ciudadtrujillo.com\/index.php?rest_route=\/wp\/v2\/posts\/2998\/revisions"}],"predecessor-version":[{"id":3000,"href":"https:\/\/ciudadtrujillo.com\/index.php?rest_route=\/wp\/v2\/posts\/2998\/revisions\/3000"}],"wp:featuredmedia":[{"embeddable":true,"href":"https:\/\/ciudadtrujillo.com\/index.php?rest_route=\/wp\/v2\/media\/2999"}],"wp:attachment":[{"href":"https:\/\/ciudadtrujillo.com\/index.php?rest_route=%2Fwp%2Fv2%2Fmedia&parent=2998"}],"wp:term":[{"taxonomy":"category","embeddable":true,"href":"https:\/\/ciudadtrujillo.com\/index.php?rest_route=%2Fwp%2Fv2%2Fcategories&post=2998"},{"taxonomy":"post_tag","embeddable":true,"href":"https:\/\/ciudadtrujillo.com\/index.php?rest_route=%2Fwp%2Fv2%2Ftags&post=2998"}],"curies":[{"name":"wp","href":"https:\/\/api.w.org\/{rel}","templated":true}]}}