{"id":2994,"date":"2020-10-20T00:20:17","date_gmt":"2020-10-20T00:20:17","guid":{"rendered":"http:\/\/ciudadtrujillo.com\/?p=2994"},"modified":"2020-10-20T00:20:17","modified_gmt":"2020-10-20T00:20:17","slug":"juventud-revolucionaria-de-trujillo","status":"publish","type":"post","link":"https:\/\/ciudadtrujillo.com\/?p=2994","title":{"rendered":"Juventud revolucionaria de Trujillo afina acciones rumbo a elecciones"},"content":{"rendered":"<p style=\"text-align: justify;\">El municipio San Rafael de Carvajal fue anfitri\u00f3n para un din\u00e1mico encuentro de las diferentes organizaciones de j\u00f3venes revolucionarios, con los candidatos por el Circuito n\u00famero 2, a la Asamblea Nacional por el estado Trujillo, Francisco Garc\u00eda y Luzmar Alexander.<\/p>\n<p style=\"text-align: justify;\">\u00abAqu\u00ed estamos con nuestra gloriosa juventud del Partido Socialista Unido de Venezuela, con el Frente Francisco de Miranda, la Juventud Robert Serra, j\u00f3venes del Instituto Trujillano de la Juventud y toda la juventud articulada en el Movimiento Somos Venezuela, construyendo juntos; escuchando claros planteamientos de porque la juventud debe asumir el Parlamento Nacional\u00bb, declar\u00f3 Francisco Garc\u00eda.<\/p>\n<p style=\"text-align: justify;\">Garc\u00eda fue enf\u00e1tico al afirmar que Trujillo llevar\u00e1 a la Asamblea Nacional, hombres y mujeres con esencia bolivariana y patriota, que aportar\u00e1n al reimpulso del desarrollo del pa\u00eds, y especialmente al desarrollo del estado Trujillo.<\/p>\n<p style=\"text-align: justify;\">Durante el encuentro, debatieron en grande sobre la Ley Antibloqueo, ratificando el apoyo a este instrumento de reconstrucci\u00f3n de la econom\u00eda nacional y garante de la paz.<\/p>\n<p style=\"text-align: justify;\">Por su parte la candidata Luzmar Alexander, celebr\u00f3 la alegr\u00eda y din\u00e1mica del encuentro y afirm\u00f3: \u00abla juventud est\u00e1 consciente que debemos apostar por la paz, la paz con justicia, la paz con igualdad, y en ese camino y con ese compromiso vamos al Parlamento\u00bb.<\/p>\n<p style=\"text-align: justify;\">Finalizaron los candidatos invitando al pueblo a acompa\u00f1ar el proceso electoral con la consigna \u00abven vamos juntos a vencer\u00bb.<\/p>\n<p style=\"text-align: justify;\">\n<p style=\"text-align: justify;\">\n<p style=\"text-align: justify;\">\n<h6 style=\"text-align: justify;\"><em>Prensa APC-Trujillo<\/em><\/h6>\n<h6 style=\"text-align: justify;\"><em>Gr\u00e1fica: Cortes\u00eda<\/em><\/h6>\n<p style=\"text-align: justify;\">\n","protected":false},"excerpt":{"rendered":"<p>El municipio San Rafael de Carvajal fue anfitri\u00f3n para un din\u00e1mico encuentro de las diferentes organizaciones de j\u00f3venes revolucionarios, con los candidatos por el Circuito n\u00famero 2, a la Asamblea&hellip; <\/p>\n","protected":false},"author":1,"featured_media":2995,"comment_status":"closed","ping_status":"closed","sticky":false,"template":"","format":"standard","meta":{"footnotes":""},"categories":[40],"tags":[],"class_list":["post-2994","post","type-post","status-publish","format-standard","has-post-thumbnail","hentry","category-grantrujillo"],"_links":{"self":[{"href":"https:\/\/ciudadtrujillo.com\/index.php?rest_route=\/wp\/v2\/posts\/2994","targetHints":{"allow":["GET"]}}],"collection":[{"href":"https:\/\/ciudadtrujillo.com\/index.php?rest_route=\/wp\/v2\/posts"}],"about":[{"href":"https:\/\/ciudadtrujillo.com\/index.php?rest_route=\/wp\/v2\/types\/post"}],"author":[{"embeddable":true,"href":"https:\/\/ciudadtrujillo.com\/index.php?rest_route=\/wp\/v2\/users\/1"}],"replies":[{"embeddable":true,"href":"https:\/\/ciudadtrujillo.com\/index.php?rest_route=%2Fwp%2Fv2%2Fcomments&post=2994"}],"version-history":[{"count":2,"href":"https:\/\/ciudadtrujillo.com\/index.php?rest_route=\/wp\/v2\/posts\/2994\/revisions"}],"predecessor-version":[{"id":2997,"href":"https:\/\/ciudadtrujillo.com\/index.php?rest_route=\/wp\/v2\/posts\/2994\/revisions\/2997"}],"wp:featuredmedia":[{"embeddable":true,"href":"https:\/\/ciudadtrujillo.com\/index.php?rest_route=\/wp\/v2\/media\/2995"}],"wp:attachment":[{"href":"https:\/\/ciudadtrujillo.com\/index.php?rest_route=%2Fwp%2Fv2%2Fmedia&parent=2994"}],"wp:term":[{"taxonomy":"category","embeddable":true,"href":"https:\/\/ciudadtrujillo.com\/index.php?rest_route=%2Fwp%2Fv2%2Fcategories&post=2994"},{"taxonomy":"post_tag","embeddable":true,"href":"https:\/\/ciudadtrujillo.com\/index.php?rest_route=%2Fwp%2Fv2%2Ftags&post=2994"}],"curies":[{"name":"wp","href":"https:\/\/api.w.org\/{rel}","templated":true}]}}