{"id":2991,"date":"2020-10-20T00:11:24","date_gmt":"2020-10-20T00:11:24","guid":{"rendered":"http:\/\/ciudadtrujillo.com\/?p=2991"},"modified":"2020-10-20T00:11:24","modified_gmt":"2020-10-20T00:11:24","slug":"trujillo-ha-realizado-mas-de-25-mil-pruebas-rapidas","status":"publish","type":"post","link":"https:\/\/ciudadtrujillo.com\/?p=2991","title":{"rendered":"Trujillo ha realizado m\u00e1s de 25 mil pruebas r\u00e1pidas para la detecci\u00f3n del covid-19"},"content":{"rendered":"<p style=\"text-align: justify;\">Este lunes, durante el programa especial de prevenci\u00f3n del covid-19 n\u00famero 27, que se transmite a trav\u00e9s de Paisana 92.5 fm, el gobernador bolivariano, G\/J Henry Rangel Silva, destac\u00f3 que en el estado Trujillo se han realizado hasta la fecha 25 mil 165 pruebas r\u00e1pidas y mil 868 pruebas Virocult.<\/p>\n<p style=\"text-align: justify;\">Detall\u00f3 que la Fundaci\u00f3n Trujillana para la Salud (Fundasalud), ha realizado por la red hospilataria y ambulatoria 18 mil 215 pruebas r\u00e1pidas. En el caso del Instituto Venezolano del Seguro Social de Valera y Trujillo ha efectuado 77 pruebas. Por parte del Ipasme se han realizado 360, mientras que la Misi\u00f3n M\u00e9dica Cubana 4 mil 500 y la Misi\u00f3n Barrio Adentro 2 mil 013.<\/p>\n<p style=\"text-align: justify;\">Igualmente el mandatario regional resalt\u00f3 que los nuevos sectores que se suman al esquema de flexibilizaci\u00f3n favorecer\u00e1n la econom\u00eda nacional. \u201cEs bien importante que se abran los sectores pero que se extremen las medidas de bioseguridad para que la reactivaci\u00f3n econ\u00f3mica sea un \u00e9xito (\u2026) Tenemos que prepararnos para asumir el fin de a\u00f1o con medidas que garanticen la salud del pueblo\u201d.<\/p>\n<p style=\"text-align: justify;\">Asimismo, inst\u00f3 al pueblo trujillano a cumplir con las medidas de prevenci\u00f3n en el marco de la aplicaci\u00f3n del plan 7+7 Plus en la lucha contra la pandemia del covid-19.<\/p>\n<h3 style=\"text-align: justify;\">Casos registrados<\/h3>\n<p style=\"text-align: justify;\">El l\u00edder regional indic\u00f3 que hasta la fecha se registran en el estado 1023 casos positivos de covid-19, de los cuales son 124 migrantes y 899 comunitarios distribuidos en los municipios de la siguiente manera: Valera 296, Bocon\u00f3 26, Trujillo 92, Betijoque 82, Pamp\u00e1n 53, San Rafael de Carvajal 49, Escuque 48, Urdaneta 37, Pampanito 28, Miranda 17, Sucre 15, Motat\u00e1n 13, Candelaria 9, Campo El\u00edas 8, Bol\u00edvar 7, La Ceiba 5, Andr\u00e9s Bello 4, Carache y Monte Carmelo 2 C\/U, Jos\u00e9 Felipe M\u00e1rquez Ca\u00f1izales 1.<\/p>\n<p style=\"text-align: justify;\">Asimismo, destac\u00f3 que se encuentran recuperados 906 pacientes, adem\u00e1s de 21 personas fallecidas.<\/p>\n<p style=\"text-align: justify;\">En cuanto a los casos activos asegur\u00f3 que se registran 90 pacientes con los focos activos de contagio en los municipios Valera, Bocon\u00f3, Trujillo, Betijoque y Pamp\u00e1n.<\/p>\n<p style=\"text-align: justify;\">Finalmente el gobernador resalt\u00f3 que existen hasta la fecha 74 casos sospechosos en los siguientes municipios: Bocon\u00f3 17, Valera 23, Trujillo 9, Escuque 7, Urdaneta 4, Pamp\u00e1n y Pampanito 3 en cada uno, Betijoque, Sucre y Candelaria 2, Motat\u00e1n y Campo El\u00edas 1 C\/U.<\/p>\n<p style=\"text-align: justify;\">\n<p style=\"text-align: justify;\">\n<p style=\"text-align: justify;\">\n<p style=\"text-align: justify;\">\n<h6 style=\"text-align: justify;\"><em>Yelimar Hidalgo<\/em><\/h6>\n<h6 style=\"text-align: justify;\"><em>Gr\u00e1ficas: Samuel Torres<\/em><\/h6>\n<p style=\"text-align: justify;\">\n<p style=\"text-align: justify;\">\n","protected":false},"excerpt":{"rendered":"<p>Este lunes, durante el programa especial de prevenci\u00f3n del covid-19 n\u00famero 27, que se transmite a trav\u00e9s de Paisana 92.5 fm, el gobernador bolivariano, G\/J Henry Rangel Silva, destac\u00f3 que&hellip; <\/p>\n","protected":false},"author":1,"featured_media":2992,"comment_status":"closed","ping_status":"closed","sticky":false,"template":"","format":"standard","meta":{"footnotes":""},"categories":[52,40],"tags":[],"class_list":["post-2991","post","type-post","status-publish","format-standard","has-post-thumbnail","hentry","category-destacadas","category-grantrujillo"],"_links":{"self":[{"href":"https:\/\/ciudadtrujillo.com\/index.php?rest_route=\/wp\/v2\/posts\/2991","targetHints":{"allow":["GET"]}}],"collection":[{"href":"https:\/\/ciudadtrujillo.com\/index.php?rest_route=\/wp\/v2\/posts"}],"about":[{"href":"https:\/\/ciudadtrujillo.com\/index.php?rest_route=\/wp\/v2\/types\/post"}],"author":[{"embeddable":true,"href":"https:\/\/ciudadtrujillo.com\/index.php?rest_route=\/wp\/v2\/users\/1"}],"replies":[{"embeddable":true,"href":"https:\/\/ciudadtrujillo.com\/index.php?rest_route=%2Fwp%2Fv2%2Fcomments&post=2991"}],"version-history":[{"count":1,"href":"https:\/\/ciudadtrujillo.com\/index.php?rest_route=\/wp\/v2\/posts\/2991\/revisions"}],"predecessor-version":[{"id":2993,"href":"https:\/\/ciudadtrujillo.com\/index.php?rest_route=\/wp\/v2\/posts\/2991\/revisions\/2993"}],"wp:featuredmedia":[{"embeddable":true,"href":"https:\/\/ciudadtrujillo.com\/index.php?rest_route=\/wp\/v2\/media\/2992"}],"wp:attachment":[{"href":"https:\/\/ciudadtrujillo.com\/index.php?rest_route=%2Fwp%2Fv2%2Fmedia&parent=2991"}],"wp:term":[{"taxonomy":"category","embeddable":true,"href":"https:\/\/ciudadtrujillo.com\/index.php?rest_route=%2Fwp%2Fv2%2Fcategories&post=2991"},{"taxonomy":"post_tag","embeddable":true,"href":"https:\/\/ciudadtrujillo.com\/index.php?rest_route=%2Fwp%2Fv2%2Ftags&post=2991"}],"curies":[{"name":"wp","href":"https:\/\/api.w.org\/{rel}","templated":true}]}}