{"id":2988,"date":"2020-10-20T00:06:55","date_gmt":"2020-10-20T00:06:55","guid":{"rendered":"http:\/\/ciudadtrujillo.com\/?p=2988"},"modified":"2020-10-20T00:06:55","modified_gmt":"2020-10-20T00:06:55","slug":"bomberos-y-pc-desinfectan","status":"publish","type":"post","link":"https:\/\/ciudadtrujillo.com\/?p=2988","title":{"rendered":"Bomberos y PC desinfectan unidades educativas que servir\u00e1n como centros de votaci\u00f3n en Trujillo"},"content":{"rendered":"<p style=\"text-align: justify;\">La General Aidee Villa de Rodas, comandante del referido componente y jefa de la Regi\u00f3n Estrat\u00e9gica de Evaluaci\u00f3n de Da\u00f1os y An\u00e1lisis de Necesidades (Redan) inform\u00f3 acerca del despliegue ejecutado por parte de Protecci\u00f3n Civil y los Bomberos del estado Trujillo, para desinfectar las unidades educativas que ser\u00e1n empleadas como centro de votaci\u00f3n en los venideros comicios electorales del 6 de diciembre.<\/p>\n<p style=\"text-align: justify;\">Explic\u00f3 que los estados M\u00e9rida, T\u00e1chira y Trujillo dieron inicio al proceso de bioseguridad en las unidades educativas que van a funcionar como centros electorales para dicho evento hist\u00f3rico.<\/p>\n<p style=\"text-align: justify;\">\u201cContamos en nuestro estado con m\u00e1s de mil 500 hombres que hoy comienzan con el proceso de bioseguridad de los centros de votaci\u00f3n, para brindar todas las medidas de prevenci\u00f3n a los electores que participar\u00e1n en este proceso\u201d, dijo Villa de Rodas.<\/p>\n<p style=\"text-align: justify;\">Tambi\u00e9n, la jefa de la Redan asegur\u00f3 que el d\u00eda 25 de octubre, ser\u00e1 la fecha en la que se realizar\u00e1 el simulacro electoral en los centros de votaci\u00f3n, los cuales contar\u00e1n con personal del Cuerpo de Bomberos del estado conjuntamente con Protecci\u00f3n Civil y Administraci\u00f3n de Desastres (PC) y miembros del Consejo Nacional Electoral (CNE) para dar a conocer las instrucciones al momento de ejercer el derecho al sufragio y que conozcan las medidas de bioseguridad que deben emplear los ciudadanos que ingresen al centro de votaci\u00f3n.<\/p>\n<p style=\"text-align: justify;\">\u201cCabe destacar que los bomberos, siguiendo las medidas de protecci\u00f3n se encargar\u00e1 de atender a estos centros asistenciales como puesto de socorro\u201d, expres\u00f3.<\/p>\n<p style=\"text-align: justify;\">Aidee Villa explic\u00f3 que estas jornadas de limpieza y desinfecci\u00f3n son realizadas bajo lineamientos del presidente de la Rep\u00fablica, Nicol\u00e1s Maduro, el ministro de Interior y Justicia, N\u00e9stor Reverol y el gobernador de la entidad, G\/J Henry Rangel Silva para que la poblaci\u00f3n de la regi\u00f3n de los andes asistan confiados y seguros al simulacro que se realizar\u00e1 el d\u00eda domingo 25 de octubre del presente a\u00f1o.<\/p>\n<p style=\"text-align: justify;\">\n<p style=\"text-align: justify;\">\n<p style=\"text-align: justify;\">\n<p style=\"text-align: justify;\">\n<h6 style=\"text-align: justify;\"><em>Fiorella Villa<\/em><\/h6>\n<h6 style=\"text-align: justify;\"><em>Gr\u00e1fica: Cortes\u00eda<\/em><\/h6>\n<p style=\"text-align: justify;\">\n","protected":false},"excerpt":{"rendered":"<p>La General Aidee Villa de Rodas, comandante del referido componente y jefa de la Regi\u00f3n Estrat\u00e9gica de Evaluaci\u00f3n de Da\u00f1os y An\u00e1lisis de Necesidades (Redan) inform\u00f3 acerca del despliegue ejecutado&hellip; <\/p>\n","protected":false},"author":1,"featured_media":2989,"comment_status":"closed","ping_status":"closed","sticky":false,"template":"","format":"standard","meta":{"footnotes":""},"categories":[40],"tags":[],"class_list":["post-2988","post","type-post","status-publish","format-standard","has-post-thumbnail","hentry","category-grantrujillo"],"_links":{"self":[{"href":"https:\/\/ciudadtrujillo.com\/index.php?rest_route=\/wp\/v2\/posts\/2988","targetHints":{"allow":["GET"]}}],"collection":[{"href":"https:\/\/ciudadtrujillo.com\/index.php?rest_route=\/wp\/v2\/posts"}],"about":[{"href":"https:\/\/ciudadtrujillo.com\/index.php?rest_route=\/wp\/v2\/types\/post"}],"author":[{"embeddable":true,"href":"https:\/\/ciudadtrujillo.com\/index.php?rest_route=\/wp\/v2\/users\/1"}],"replies":[{"embeddable":true,"href":"https:\/\/ciudadtrujillo.com\/index.php?rest_route=%2Fwp%2Fv2%2Fcomments&post=2988"}],"version-history":[{"count":1,"href":"https:\/\/ciudadtrujillo.com\/index.php?rest_route=\/wp\/v2\/posts\/2988\/revisions"}],"predecessor-version":[{"id":2990,"href":"https:\/\/ciudadtrujillo.com\/index.php?rest_route=\/wp\/v2\/posts\/2988\/revisions\/2990"}],"wp:featuredmedia":[{"embeddable":true,"href":"https:\/\/ciudadtrujillo.com\/index.php?rest_route=\/wp\/v2\/media\/2989"}],"wp:attachment":[{"href":"https:\/\/ciudadtrujillo.com\/index.php?rest_route=%2Fwp%2Fv2%2Fmedia&parent=2988"}],"wp:term":[{"taxonomy":"category","embeddable":true,"href":"https:\/\/ciudadtrujillo.com\/index.php?rest_route=%2Fwp%2Fv2%2Fcategories&post=2988"},{"taxonomy":"post_tag","embeddable":true,"href":"https:\/\/ciudadtrujillo.com\/index.php?rest_route=%2Fwp%2Fv2%2Ftags&post=2988"}],"curies":[{"name":"wp","href":"https:\/\/api.w.org\/{rel}","templated":true}]}}