{"id":29575,"date":"2023-07-20T11:56:15","date_gmt":"2023-07-20T15:56:15","guid":{"rendered":"http:\/\/ciudadtrujillo.com\/?p=29575"},"modified":"2023-07-20T11:56:15","modified_gmt":"2023-07-20T15:56:15","slug":"completan-formacion-educativa-de-las-rutas-cientificas-en-trujillo","status":"publish","type":"post","link":"https:\/\/ciudadtrujillo.com\/?p=29575","title":{"rendered":"Completan formaci\u00f3n educativa de las rutas cient\u00edficas en Trujillo"},"content":{"rendered":"<p style=\"text-align: justify;\">En el municipio Monte Carmelo del estado Trujillo, un total de 24 estudiantes de la Ruta Cient\u00edficas en la Unidad B\u00e1sica \u201cMar\u00eda Felicita Cadenas\u201d completaron el ciclo formativo durante un encuentro de ense\u00f1anza, con el objetivo de impulsar el despertar en ni\u00f1os y j\u00f3venes por la ciencia y tecnolog\u00eda.<\/p>\n<p style=\"text-align: justify;\">\n<p style=\"text-align: justify;\">Asimismo, esta actividad inici\u00f3 con el intercambio de saberes en la empresa de producci\u00f3n artesanal \u201cHacienda Los Lara\u201d; en el recorrido, ni\u00f1as y ni\u00f1os conocieron las etapas en la transformaci\u00f3n y producci\u00f3n de leche en campo y agroindustrial; as\u00ed como, la elaboraci\u00f3n de quesos, seg\u00fan informaci\u00f3n en la cuenta de la red social Instagram, @fundacitetrujillo.<\/p>\n<p style=\"text-align: justify;\">\n<p style=\"text-align: justify;\">A su vez, el ciclo formativo de la Ruta Cient\u00edfica de Producci\u00f3n Agroecol\u00f3gica, realizada en la Finca \u201cEl Nazareno\u201d, a trav\u00e9s de diferentes estrategias se indag\u00f3 sobre los conocimientos adquiridos por los ni\u00f1os en el recorrido a la finca, con la implementaci\u00f3n de un dibujo sobre una finca agroecol\u00f3gica.<\/p>\n<p style=\"text-align: justify;\">\n<p style=\"text-align: justify;\">Por \u00faltimo, realizaron la preparaci\u00f3n de \u201cEl Maravilloso Mundo de la F\u00edsica\u201d, el cual consto de un repaso verbal de la ruta para refrescar conocimiento, reconocimiento de fen\u00f3menos f\u00edsicos a trav\u00e9s de im\u00e1genes de objetos comunes; como, colorear, recortar, pegar, entre otros; adem\u00e1s, sopas de letras con palabras alusivas al mundo de la f\u00edsica.<\/p>\n<p>&nbsp;<\/p>\n<p>&nbsp;<\/p>\n<p>&nbsp;<\/p>\n<h6>VTV\/Gr\u00e1ficas: cortes\u00eda<\/h6>\n","protected":false},"excerpt":{"rendered":"<p>En el municipio Monte Carmelo del estado Trujillo, un total de 24 estudiantes de la Ruta Cient\u00edficas en la Unidad B\u00e1sica \u201cMar\u00eda Felicita Cadenas\u201d completaron el ciclo formativo durante un&hellip; <\/p>\n","protected":false},"author":7,"featured_media":29576,"comment_status":"closed","ping_status":"closed","sticky":false,"template":"","format":"standard","meta":{"footnotes":""},"categories":[40],"tags":[],"class_list":["post-29575","post","type-post","status-publish","format-standard","has-post-thumbnail","hentry","category-grantrujillo"],"_links":{"self":[{"href":"https:\/\/ciudadtrujillo.com\/index.php?rest_route=\/wp\/v2\/posts\/29575","targetHints":{"allow":["GET"]}}],"collection":[{"href":"https:\/\/ciudadtrujillo.com\/index.php?rest_route=\/wp\/v2\/posts"}],"about":[{"href":"https:\/\/ciudadtrujillo.com\/index.php?rest_route=\/wp\/v2\/types\/post"}],"author":[{"embeddable":true,"href":"https:\/\/ciudadtrujillo.com\/index.php?rest_route=\/wp\/v2\/users\/7"}],"replies":[{"embeddable":true,"href":"https:\/\/ciudadtrujillo.com\/index.php?rest_route=%2Fwp%2Fv2%2Fcomments&post=29575"}],"version-history":[{"count":1,"href":"https:\/\/ciudadtrujillo.com\/index.php?rest_route=\/wp\/v2\/posts\/29575\/revisions"}],"predecessor-version":[{"id":29577,"href":"https:\/\/ciudadtrujillo.com\/index.php?rest_route=\/wp\/v2\/posts\/29575\/revisions\/29577"}],"wp:featuredmedia":[{"embeddable":true,"href":"https:\/\/ciudadtrujillo.com\/index.php?rest_route=\/wp\/v2\/media\/29576"}],"wp:attachment":[{"href":"https:\/\/ciudadtrujillo.com\/index.php?rest_route=%2Fwp%2Fv2%2Fmedia&parent=29575"}],"wp:term":[{"taxonomy":"category","embeddable":true,"href":"https:\/\/ciudadtrujillo.com\/index.php?rest_route=%2Fwp%2Fv2%2Fcategories&post=29575"},{"taxonomy":"post_tag","embeddable":true,"href":"https:\/\/ciudadtrujillo.com\/index.php?rest_route=%2Fwp%2Fv2%2Ftags&post=29575"}],"curies":[{"name":"wp","href":"https:\/\/api.w.org\/{rel}","templated":true}]}}