{"id":29570,"date":"2023-07-18T20:47:31","date_gmt":"2023-07-19T00:47:31","guid":{"rendered":"http:\/\/ciudadtrujillo.com\/?p=29570"},"modified":"2023-07-18T20:47:31","modified_gmt":"2023-07-19T00:47:31","slug":"reinaugurado-ambulatorio-rural-del-kilometro-17-en-la-ceiba","status":"publish","type":"post","link":"https:\/\/ciudadtrujillo.com\/?p=29570","title":{"rendered":"Reinaugurado Ambulatorio Rural del Kil\u00f3metro 17 en La Ceiba"},"content":{"rendered":"<p style=\"text-align: justify;\">Recientemente se llev\u00f3 a cabo la reinauguraci\u00f3n del Ambulatorio Rural ubicado en el Kil\u00f3metro 17, parroquia El Progreso del municipio La Ceiba, con una importante jornada social donde participaron diversas instituciones gubernamentales.<\/p>\n<p style=\"text-align: justify;\">El alcalde Darlin Moreno destac\u00f3 que gracias al apoyo del Presidente Nicol\u00e1s Maduro y del gobernador del estado Trujillo,Gerardo M\u00e1rquez, se cristaliz\u00f3 este proyecto al m\u00e1ximo, a sabiendas que dicho recinto estuvo cerrado por muchos meses, tras las filtraciones que sufri\u00f3 en varias vaguadas.<\/p>\n<p style=\"text-align: justify;\">El corregidor destac\u00f3 que en el marco de esta actividad, hubo el despliegue de la Misi\u00f3n Barrio Adentro para garantizar la atenci\u00f3n a la ciudadan\u00eda, al igual que Fundasalud, el Consejo Legislativo del estado Trujillo, el Instituto Aut\u00f3nomo de Nutrici\u00f3n del estado Trujillo, el Instituto Nacional de Nutrici\u00f3n, Desarrollo Social, Misi\u00f3n Nevado, entre otros organismos.<\/p>\n<p style=\"text-align: justify;\">Asegur\u00f3 que meses atr\u00e1s, dicho espacio estaba irreconocible, puesto que por las filtraciones se hab\u00edan da\u00f1ado las placas, las paredes, la sala de cura, la cer\u00e1mica, entre otros espacios.<\/p>\n<p style=\"text-align: justify;\">\u00abCon un trabajo que venimos haciendo desde el a\u00f1o pasado, a trav\u00e9s del Consejo Federal de Gobierno y tambi\u00e9n invirtiendo recursos propios de la Alcald\u00eda, hemos logrado la impermeabilizaci\u00f3n de la placa, la refacci\u00f3n de las paredes internas y externas, colocaci\u00f3n de cer\u00e1micas y colocaci\u00f3n del techo en una parte que estaba a la intemperie y por donde se filtraba mucha agua\u00bb, dijo.<\/p>\n<p style=\"text-align: justify;\">El burgomaestre enfatiz\u00f3 que se arregl\u00f3 el sistema el\u00e9ctrico y de agua, aunado a la pintura del lugar.<\/p>\n<h3 style=\"text-align: justify;\">Beneficio<\/h3>\n<p style=\"text-align: justify;\">Cabe acotar que en este evento hubo atenci\u00f3n m\u00e9dica general y pedi\u00e1trica, medici\u00f3n antropom\u00e9trica, m\u00e1s la dotaci\u00f3n de medicamentos para el pueblo.<\/p>\n<p style=\"text-align: justify;\">Igualmente, se aportaron equipos como un nebulizador, gluc\u00f3metro, ayudas t\u00e9cnicas con bastones, andaderas, sillas de ruedas y muletas.<\/p>\n<p style=\"text-align: justify;\">Se sum\u00f3 la dotaci\u00f3n de material deportivo para una escuela de f\u00fatbol sala y al equipo de kickingball, m\u00e1s los balones para un campeonato de f\u00fatbol sala de categor\u00edas menores.<\/p>\n<p>&nbsp;<\/p>\n<p>&nbsp;<\/p>\n<h6>Prensa Alcald\u00eda Bolivariana de La Ceiba<\/h6>\n","protected":false},"excerpt":{"rendered":"<p>Recientemente se llev\u00f3 a cabo la reinauguraci\u00f3n del Ambulatorio Rural ubicado en el Kil\u00f3metro 17, parroquia El Progreso del municipio La Ceiba, con una importante jornada social donde participaron diversas&hellip; <\/p>\n","protected":false},"author":7,"featured_media":29571,"comment_status":"closed","ping_status":"closed","sticky":false,"template":"","format":"standard","meta":{"footnotes":""},"categories":[40],"tags":[],"class_list":["post-29570","post","type-post","status-publish","format-standard","has-post-thumbnail","hentry","category-grantrujillo"],"_links":{"self":[{"href":"https:\/\/ciudadtrujillo.com\/index.php?rest_route=\/wp\/v2\/posts\/29570","targetHints":{"allow":["GET"]}}],"collection":[{"href":"https:\/\/ciudadtrujillo.com\/index.php?rest_route=\/wp\/v2\/posts"}],"about":[{"href":"https:\/\/ciudadtrujillo.com\/index.php?rest_route=\/wp\/v2\/types\/post"}],"author":[{"embeddable":true,"href":"https:\/\/ciudadtrujillo.com\/index.php?rest_route=\/wp\/v2\/users\/7"}],"replies":[{"embeddable":true,"href":"https:\/\/ciudadtrujillo.com\/index.php?rest_route=%2Fwp%2Fv2%2Fcomments&post=29570"}],"version-history":[{"count":1,"href":"https:\/\/ciudadtrujillo.com\/index.php?rest_route=\/wp\/v2\/posts\/29570\/revisions"}],"predecessor-version":[{"id":29572,"href":"https:\/\/ciudadtrujillo.com\/index.php?rest_route=\/wp\/v2\/posts\/29570\/revisions\/29572"}],"wp:featuredmedia":[{"embeddable":true,"href":"https:\/\/ciudadtrujillo.com\/index.php?rest_route=\/wp\/v2\/media\/29571"}],"wp:attachment":[{"href":"https:\/\/ciudadtrujillo.com\/index.php?rest_route=%2Fwp%2Fv2%2Fmedia&parent=29570"}],"wp:term":[{"taxonomy":"category","embeddable":true,"href":"https:\/\/ciudadtrujillo.com\/index.php?rest_route=%2Fwp%2Fv2%2Fcategories&post=29570"},{"taxonomy":"post_tag","embeddable":true,"href":"https:\/\/ciudadtrujillo.com\/index.php?rest_route=%2Fwp%2Fv2%2Ftags&post=29570"}],"curies":[{"name":"wp","href":"https:\/\/api.w.org\/{rel}","templated":true}]}}