{"id":29564,"date":"2023-07-18T20:42:41","date_gmt":"2023-07-19T00:42:41","guid":{"rendered":"http:\/\/ciudadtrujillo.com\/?p=29564"},"modified":"2023-07-18T20:42:41","modified_gmt":"2023-07-19T00:42:41","slug":"brindan-atencion-integral-a-privados-de-libertad-en-internado-judicial-de-trujillo","status":"publish","type":"post","link":"https:\/\/ciudadtrujillo.com\/?p=29564","title":{"rendered":"Brindan atenci\u00f3n integral a privados de libertad en Internado Judicial de Trujillo"},"content":{"rendered":"<p style=\"text-align: justify;\">En el marco de la Comisi\u00f3n Presidencial para la Revoluci\u00f3n del Sistema de Justicia, este martes en las instalaciones del Internado Judicial de Trujillo se despleg\u00f3 tanto el equipo del \u00e1rea social como de salud para brindar atenci\u00f3n a los privados de libertad.<\/p>\n<p style=\"text-align: justify;\">Al respecto, el director de Desarrollo Social y Participativo, Lcdo. Daniel Garc\u00eda, inform\u00f3 que fueron entregadas 1.812 unidosis de medicamentos para atender a los reclusos y destac\u00f3 que esta atenci\u00f3n se desarrolla como parte de las pol\u00edticas humanistas de la Revoluci\u00f3n Bolivariana y bajo las orientaciones del gobernador Gerardo M\u00e1rquez.<\/p>\n<p style=\"text-align: justify;\">Indic\u00f3 que los privados de libertad recibieron atenci\u00f3n en valoraci\u00f3n nutricional, consultas m\u00e9dicas, ex\u00e1menes de laboratorio y adem\u00e1s se favorecieron con \u201cm\u00e1s de 14 programas de salud\u201d.<\/p>\n<p style=\"text-align: justify;\">En la actividad estuvo el equipo del Instituto Trujillano de la Juventud (ITJ), Direcci\u00f3n del Poder Popular, Movimiento Somos Venezuela, Instituto de Alimentaci\u00f3n y Nutrici\u00f3n del estado Trujillo (Ianet), Instituto Nacional de Nutrici\u00f3n (INN), entre otros.<\/p>\n<p style=\"text-align: justify;\">Cabe destacar que la atenci\u00f3n se realiz\u00f3 cumpliendo con la palabra empe\u00f1ada del mandatario regional, quien en d\u00edas recientes enfatiz\u00f3 la importancia de un abordaje humanista en el centro penitenciario.<\/p>\n<p>&nbsp;<\/p>\n<p>&nbsp;<\/p>\n<h6>Yarlenis Albarr\u00e1n\/Gr\u00e1fica: Leonardo Ter\u00e1n\/David V\u00e1squez<\/h6>\n","protected":false},"excerpt":{"rendered":"<p>En el marco de la Comisi\u00f3n Presidencial para la Revoluci\u00f3n del Sistema de Justicia, este martes en las instalaciones del Internado Judicial de Trujillo se despleg\u00f3 tanto el equipo del&hellip; <\/p>\n","protected":false},"author":7,"featured_media":29565,"comment_status":"closed","ping_status":"closed","sticky":false,"template":"","format":"standard","meta":{"footnotes":""},"categories":[40],"tags":[],"class_list":["post-29564","post","type-post","status-publish","format-standard","has-post-thumbnail","hentry","category-grantrujillo"],"_links":{"self":[{"href":"https:\/\/ciudadtrujillo.com\/index.php?rest_route=\/wp\/v2\/posts\/29564","targetHints":{"allow":["GET"]}}],"collection":[{"href":"https:\/\/ciudadtrujillo.com\/index.php?rest_route=\/wp\/v2\/posts"}],"about":[{"href":"https:\/\/ciudadtrujillo.com\/index.php?rest_route=\/wp\/v2\/types\/post"}],"author":[{"embeddable":true,"href":"https:\/\/ciudadtrujillo.com\/index.php?rest_route=\/wp\/v2\/users\/7"}],"replies":[{"embeddable":true,"href":"https:\/\/ciudadtrujillo.com\/index.php?rest_route=%2Fwp%2Fv2%2Fcomments&post=29564"}],"version-history":[{"count":1,"href":"https:\/\/ciudadtrujillo.com\/index.php?rest_route=\/wp\/v2\/posts\/29564\/revisions"}],"predecessor-version":[{"id":29566,"href":"https:\/\/ciudadtrujillo.com\/index.php?rest_route=\/wp\/v2\/posts\/29564\/revisions\/29566"}],"wp:featuredmedia":[{"embeddable":true,"href":"https:\/\/ciudadtrujillo.com\/index.php?rest_route=\/wp\/v2\/media\/29565"}],"wp:attachment":[{"href":"https:\/\/ciudadtrujillo.com\/index.php?rest_route=%2Fwp%2Fv2%2Fmedia&parent=29564"}],"wp:term":[{"taxonomy":"category","embeddable":true,"href":"https:\/\/ciudadtrujillo.com\/index.php?rest_route=%2Fwp%2Fv2%2Fcategories&post=29564"},{"taxonomy":"post_tag","embeddable":true,"href":"https:\/\/ciudadtrujillo.com\/index.php?rest_route=%2Fwp%2Fv2%2Ftags&post=29564"}],"curies":[{"name":"wp","href":"https:\/\/api.w.org\/{rel}","templated":true}]}}