{"id":29429,"date":"2023-07-13T21:44:36","date_gmt":"2023-07-14T01:44:36","guid":{"rendered":"http:\/\/ciudadtrujillo.com\/?p=29429"},"modified":"2023-07-13T21:44:36","modified_gmt":"2023-07-14T01:44:36","slug":"en-el-marco-del-dia-del-policia-funcionarios-celebran-con-diversas-actividades","status":"publish","type":"post","link":"https:\/\/ciudadtrujillo.com\/?p=29429","title":{"rendered":"En el marco del D\u00eda del Polic\u00eda funcionarios celebran con diversas actividades"},"content":{"rendered":"<p style=\"text-align: justify;\">Con la presencia del Comandante de la Zona Operativa de Defensa Integral (ZODI) Trujillo, G\/D C\u00e9sar Febres Cabello y el Comandante del Cuerpo de Polic\u00eda del estado, My. Yelffry Adames, este jueves los funcionarios del CPET y la Polic\u00eda Nacional Bolivariana (PNB) realizaron diferentes actividades.<\/p>\n<p style=\"text-align: justify;\">En este sentido, como antesala al D\u00eda Nacional del Polic\u00eda se realizaron actividades deportivas, as\u00ed como la exhibici\u00f3n de muestras gastron\u00f3micas por parte de los diferentes Centros de Coordinaci\u00f3n Policial (CCP).<\/p>\n<p style=\"text-align: justify;\">Cabe destacar que cada uno de los CCP realizaron platos t\u00edpicos dependiendo de su zona de operaci\u00f3n, entre ellos Trujillo, Bocon\u00f3, Valera, Monay, La Quebrada, Tres de Febrero, entre otros.<\/p>\n<p style=\"text-align: justify;\">Asimismo, los funcionarios de seguridad fueron atendidos con una jornada m\u00e9dica como parte de los esfuerzos para velar por su bienestar integral.<\/p>\n<p style=\"text-align: justify;\">\n<p>&nbsp;<\/p>\n<p>&nbsp;<\/p>\n<h5>Yarlenis Albarr\u00e1n\/Gr\u00e1fica: Leonardo Ter\u00e1n\/ Fernando Chuecos<\/h5>\n","protected":false},"excerpt":{"rendered":"<p>Con la presencia del Comandante de la Zona Operativa de Defensa Integral (ZODI) Trujillo, G\/D C\u00e9sar Febres Cabello y el Comandante del Cuerpo de Polic\u00eda del estado, My. Yelffry Adames,&hellip; <\/p>\n","protected":false},"author":7,"featured_media":29430,"comment_status":"closed","ping_status":"closed","sticky":false,"template":"","format":"standard","meta":{"footnotes":""},"categories":[40],"tags":[],"class_list":["post-29429","post","type-post","status-publish","format-standard","has-post-thumbnail","hentry","category-grantrujillo"],"_links":{"self":[{"href":"https:\/\/ciudadtrujillo.com\/index.php?rest_route=\/wp\/v2\/posts\/29429","targetHints":{"allow":["GET"]}}],"collection":[{"href":"https:\/\/ciudadtrujillo.com\/index.php?rest_route=\/wp\/v2\/posts"}],"about":[{"href":"https:\/\/ciudadtrujillo.com\/index.php?rest_route=\/wp\/v2\/types\/post"}],"author":[{"embeddable":true,"href":"https:\/\/ciudadtrujillo.com\/index.php?rest_route=\/wp\/v2\/users\/7"}],"replies":[{"embeddable":true,"href":"https:\/\/ciudadtrujillo.com\/index.php?rest_route=%2Fwp%2Fv2%2Fcomments&post=29429"}],"version-history":[{"count":1,"href":"https:\/\/ciudadtrujillo.com\/index.php?rest_route=\/wp\/v2\/posts\/29429\/revisions"}],"predecessor-version":[{"id":29431,"href":"https:\/\/ciudadtrujillo.com\/index.php?rest_route=\/wp\/v2\/posts\/29429\/revisions\/29431"}],"wp:featuredmedia":[{"embeddable":true,"href":"https:\/\/ciudadtrujillo.com\/index.php?rest_route=\/wp\/v2\/media\/29430"}],"wp:attachment":[{"href":"https:\/\/ciudadtrujillo.com\/index.php?rest_route=%2Fwp%2Fv2%2Fmedia&parent=29429"}],"wp:term":[{"taxonomy":"category","embeddable":true,"href":"https:\/\/ciudadtrujillo.com\/index.php?rest_route=%2Fwp%2Fv2%2Fcategories&post=29429"},{"taxonomy":"post_tag","embeddable":true,"href":"https:\/\/ciudadtrujillo.com\/index.php?rest_route=%2Fwp%2Fv2%2Ftags&post=29429"}],"curies":[{"name":"wp","href":"https:\/\/api.w.org\/{rel}","templated":true}]}}