{"id":29426,"date":"2023-07-13T21:42:11","date_gmt":"2023-07-14T01:42:11","guid":{"rendered":"http:\/\/ciudadtrujillo.com\/?p=29426"},"modified":"2023-07-13T21:42:11","modified_gmt":"2023-07-14T01:42:11","slug":"ministerio-de-educacion-incorpora-mas-de-4-300-trujillanos-al-campo-laboral","status":"publish","type":"post","link":"https:\/\/ciudadtrujillo.com\/?p=29426","title":{"rendered":"Ministerio de Educaci\u00f3n incorpora m\u00e1s de 4.300 trujillanos al campo laboral"},"content":{"rendered":"<p style=\"text-align: justify;\">La autoridad \u00fanica de Educaci\u00f3n de la entidad, doctora Mar\u00eda Palomares, en compa\u00f1\u00eda del Comisionado del Gobernador para el municipio Sucre, Ing. Daniel Pern\u00eda, junto al equipo estadal del CDCE Trujillo, en representaci\u00f3n del Gobierno Bolivariano, llev\u00f3 a cabo la entrega de credenciales a 845 nuevos trabajadores del Ministerio del Poder Popular para la Educaci\u00f3n.<\/p>\n<p style=\"text-align: justify;\">La autoridad educativa dio una c\u00e1lida bienvenida en nombre de la ministra Yelitze Santaella y el gobernador Gerardo M\u00e1rquez, destacando el compromiso del Presidente Nicol\u00e1s Maduro con el pueblo venezolano, quien, a pesar de los desaf\u00edos econ\u00f3micos y las sanciones, ha garantizado los recursos para la incorporaci\u00f3n de m\u00e1s de 4.300 trujillanos al \u00e1mbito laboral educativo.<\/p>\n<p style=\"text-align: justify;\">El evento tuvo lugar en la Escuela Gran Mariscal de Ayacucho de Sabana de Mendoza, donde asistieron el personal docente, administrativo y obrero que se incorpor\u00f3 en el A\u00f1o Escolar 2022-2023 en los planteles del Eje Panamericano, que incluye los municipios Andr\u00e9s Bello, Bol\u00edvar, La Ceiba, Miranda, Monte Carmelo y Sucre.<\/p>\n<p style=\"text-align: justify;\">\n<p>&nbsp;<\/p>\n<p>&nbsp;<\/p>\n<h6>CDCE Trujillo\/ CNP N\u00b0 26.196\/Gr\u00e1fica: Cortes\u00eda<\/h6>\n","protected":false},"excerpt":{"rendered":"<p>La autoridad \u00fanica de Educaci\u00f3n de la entidad, doctora Mar\u00eda Palomares, en compa\u00f1\u00eda del Comisionado del Gobernador para el municipio Sucre, Ing. Daniel Pern\u00eda, junto al equipo estadal del CDCE&hellip; <\/p>\n","protected":false},"author":7,"featured_media":29427,"comment_status":"closed","ping_status":"closed","sticky":false,"template":"","format":"standard","meta":{"footnotes":""},"categories":[40],"tags":[],"class_list":["post-29426","post","type-post","status-publish","format-standard","has-post-thumbnail","hentry","category-grantrujillo"],"_links":{"self":[{"href":"https:\/\/ciudadtrujillo.com\/index.php?rest_route=\/wp\/v2\/posts\/29426","targetHints":{"allow":["GET"]}}],"collection":[{"href":"https:\/\/ciudadtrujillo.com\/index.php?rest_route=\/wp\/v2\/posts"}],"about":[{"href":"https:\/\/ciudadtrujillo.com\/index.php?rest_route=\/wp\/v2\/types\/post"}],"author":[{"embeddable":true,"href":"https:\/\/ciudadtrujillo.com\/index.php?rest_route=\/wp\/v2\/users\/7"}],"replies":[{"embeddable":true,"href":"https:\/\/ciudadtrujillo.com\/index.php?rest_route=%2Fwp%2Fv2%2Fcomments&post=29426"}],"version-history":[{"count":1,"href":"https:\/\/ciudadtrujillo.com\/index.php?rest_route=\/wp\/v2\/posts\/29426\/revisions"}],"predecessor-version":[{"id":29428,"href":"https:\/\/ciudadtrujillo.com\/index.php?rest_route=\/wp\/v2\/posts\/29426\/revisions\/29428"}],"wp:featuredmedia":[{"embeddable":true,"href":"https:\/\/ciudadtrujillo.com\/index.php?rest_route=\/wp\/v2\/media\/29427"}],"wp:attachment":[{"href":"https:\/\/ciudadtrujillo.com\/index.php?rest_route=%2Fwp%2Fv2%2Fmedia&parent=29426"}],"wp:term":[{"taxonomy":"category","embeddable":true,"href":"https:\/\/ciudadtrujillo.com\/index.php?rest_route=%2Fwp%2Fv2%2Fcategories&post=29426"},{"taxonomy":"post_tag","embeddable":true,"href":"https:\/\/ciudadtrujillo.com\/index.php?rest_route=%2Fwp%2Fv2%2Ftags&post=29426"}],"curies":[{"name":"wp","href":"https:\/\/api.w.org\/{rel}","templated":true}]}}