{"id":29423,"date":"2023-07-13T21:40:06","date_gmt":"2023-07-14T01:40:06","guid":{"rendered":"http:\/\/ciudadtrujillo.com\/?p=29423"},"modified":"2023-07-13T21:40:06","modified_gmt":"2023-07-14T01:40:06","slug":"ejecutivo-regional-trabaja-en-correccion-de-falla-de-borde-en-sector-el-corozo-via-agua-viva-agua-santa","status":"publish","type":"post","link":"https:\/\/ciudadtrujillo.com\/?p=29423","title":{"rendered":"Ejecutivo regional trabaja en correcci\u00f3n de falla de borde en sector El Corozo v\u00eda Agua Viva &#8211; Agua Santa"},"content":{"rendered":"<p style=\"text-align: justify;\">Manteniendo el compromiso por la recuperaci\u00f3n de la vialidad en el estado, el gobierno regional, liderado por el My. Gerardo M\u00e1rquez, a trav\u00e9s del equipo de infraestructura contin\u00faa los trabajos del proyecto de correcci\u00f3n en la falla borde en sector El Corozo v\u00eda Agua Viva &#8211; Agua Santa, municipio Miranda, la cual se registr\u00f3 tras las recientes lluvias.<\/p>\n<p style=\"text-align: justify;\">En este sentido, el director de Infraestructura de la Gobernaci\u00f3n, ingeniero Henry Gonz\u00e1lez, detall\u00f3 que como parte de las labores ejecutadas en esta v\u00eda de la Troncal 001, se trabaja en la construcci\u00f3n de un muro de sostenimiento de talud para la recuperaci\u00f3n del nivel de la calzada en la quebrada Do\u00f1a Alicia, v\u00eda Agua Viva &#8211; Sabana de Mendoza.<\/p>\n<p style=\"text-align: justify;\">Asimismo, indic\u00f3 que con los trabajos de canalizaci\u00f3n en dicha quebrada se han abordado aproximadamente 900 metros lineales.<\/p>\n<p style=\"text-align: justify;\">Adem\u00e1s, el equipo contin\u00faa con el retiro de sedimentos y limpieza de caj\u00f3n de paso en la quebrada Do\u00f1a Alicia.<\/p>\n<p style=\"text-align: justify;\">De esta manera, el Gobierno Bolivariano de Trujillo contin\u00faa con los trabajos en las diferentes v\u00edas como parte de las acciones preventivas y correctivas que se adelantan.<\/p>\n<p>&nbsp;<\/p>\n<p>&nbsp;<\/p>\n<h6>Yarlenis Albarr\u00e1n\/Gr\u00e1ficas: Cortes\u00eda<\/h6>\n","protected":false},"excerpt":{"rendered":"<p>Manteniendo el compromiso por la recuperaci\u00f3n de la vialidad en el estado, el gobierno regional, liderado por el My. Gerardo M\u00e1rquez, a trav\u00e9s del equipo de infraestructura contin\u00faa los trabajos&hellip; <\/p>\n","protected":false},"author":7,"featured_media":29424,"comment_status":"closed","ping_status":"closed","sticky":false,"template":"","format":"standard","meta":{"footnotes":""},"categories":[40],"tags":[],"class_list":["post-29423","post","type-post","status-publish","format-standard","has-post-thumbnail","hentry","category-grantrujillo"],"_links":{"self":[{"href":"https:\/\/ciudadtrujillo.com\/index.php?rest_route=\/wp\/v2\/posts\/29423","targetHints":{"allow":["GET"]}}],"collection":[{"href":"https:\/\/ciudadtrujillo.com\/index.php?rest_route=\/wp\/v2\/posts"}],"about":[{"href":"https:\/\/ciudadtrujillo.com\/index.php?rest_route=\/wp\/v2\/types\/post"}],"author":[{"embeddable":true,"href":"https:\/\/ciudadtrujillo.com\/index.php?rest_route=\/wp\/v2\/users\/7"}],"replies":[{"embeddable":true,"href":"https:\/\/ciudadtrujillo.com\/index.php?rest_route=%2Fwp%2Fv2%2Fcomments&post=29423"}],"version-history":[{"count":1,"href":"https:\/\/ciudadtrujillo.com\/index.php?rest_route=\/wp\/v2\/posts\/29423\/revisions"}],"predecessor-version":[{"id":29425,"href":"https:\/\/ciudadtrujillo.com\/index.php?rest_route=\/wp\/v2\/posts\/29423\/revisions\/29425"}],"wp:featuredmedia":[{"embeddable":true,"href":"https:\/\/ciudadtrujillo.com\/index.php?rest_route=\/wp\/v2\/media\/29424"}],"wp:attachment":[{"href":"https:\/\/ciudadtrujillo.com\/index.php?rest_route=%2Fwp%2Fv2%2Fmedia&parent=29423"}],"wp:term":[{"taxonomy":"category","embeddable":true,"href":"https:\/\/ciudadtrujillo.com\/index.php?rest_route=%2Fwp%2Fv2%2Fcategories&post=29423"},{"taxonomy":"post_tag","embeddable":true,"href":"https:\/\/ciudadtrujillo.com\/index.php?rest_route=%2Fwp%2Fv2%2Ftags&post=29423"}],"curies":[{"name":"wp","href":"https:\/\/api.w.org\/{rel}","templated":true}]}}