{"id":29420,"date":"2023-07-13T21:36:59","date_gmt":"2023-07-14T01:36:59","guid":{"rendered":"http:\/\/ciudadtrujillo.com\/?p=29420"},"modified":"2023-07-13T21:36:59","modified_gmt":"2023-07-14T01:36:59","slug":"jornadas-de-trujillo-gas-comunal-favorecieron-a-24-mil-991-familias-en-14-municipios","status":"publish","type":"post","link":"https:\/\/ciudadtrujillo.com\/?p=29420","title":{"rendered":"Jornadas de Trujillo Gas Comunal favorecieron a 24 mil 991 familias en 14 municipios"},"content":{"rendered":"<p style=\"text-align: justify;\">El gobierno regional, liderado por el My. Gerardo M\u00e1rquez, a trav\u00e9s de la empresa Trujillo Gas Comunal mantiene la atenci\u00f3n oportuna al pueblo con las jornadas de distribuci\u00f3n que permitieron garantizar el servicio a 24 mil 991 familias durante los abordajes del 1 al 12 de julio.<\/p>\n<p style=\"text-align: justify;\">La empresa, presidida por el ingeniero Samuel Matheus, logr\u00f3 la distribuci\u00f3n de 32 mil 372 cilindros tras los abordajes en las parroquias El Araguaney y La Esperanza (Andr\u00e9s Bello), El Carmen y Burbusay (Bocon\u00f3), Sabana Grande (Bol\u00edvar), Arnoldo Gabald\u00f3n, Chejend\u00e9 y San Jos\u00e9 (Candelaria), El Progreso (La Ceiba), Motat\u00e1n (Motat\u00e1n), La Paz (Pamp\u00e1n), La Pueblita (Rafael Rangel), Antonio Nicol\u00e1s Brice\u00f1o (San Rafael de Carvajal), Jun\u00edn (Sucre), Andr\u00e9s Linares, Cruz Carrillo y Monse\u00f1or Carrillo (Trujillo), Jaj\u00f3 (Urdaneta), Mercedes D\u00edaz (Valera), adem\u00e1s de Timotes (Miranda \u2013 M\u00e9rida).<\/p>\n<p style=\"text-align: justify;\">Cabe destacar que las jornadas se desarrollaron en uni\u00f3n perfecta con 213 Comit\u00e9s Locales de Abastecimiento y Producci\u00f3n (CLAP) en el marco del 1&#215;10 del Buen Gobierno orientado por el Presidente Nicol\u00e1s Maduro.<\/p>\n<p style=\"text-align: justify;\">\n<p>&nbsp;<\/p>\n<p>&nbsp;<\/p>\n<h6>Yarlenis Albarr\u00e1n\/Gr\u00e1fica: Cortes\u00eda<\/h6>\n","protected":false},"excerpt":{"rendered":"<p>El gobierno regional, liderado por el My. Gerardo M\u00e1rquez, a trav\u00e9s de la empresa Trujillo Gas Comunal mantiene la atenci\u00f3n oportuna al pueblo con las jornadas de distribuci\u00f3n que permitieron&hellip; <\/p>\n","protected":false},"author":7,"featured_media":29421,"comment_status":"closed","ping_status":"closed","sticky":false,"template":"","format":"standard","meta":{"footnotes":""},"categories":[40],"tags":[],"class_list":["post-29420","post","type-post","status-publish","format-standard","has-post-thumbnail","hentry","category-grantrujillo"],"_links":{"self":[{"href":"https:\/\/ciudadtrujillo.com\/index.php?rest_route=\/wp\/v2\/posts\/29420","targetHints":{"allow":["GET"]}}],"collection":[{"href":"https:\/\/ciudadtrujillo.com\/index.php?rest_route=\/wp\/v2\/posts"}],"about":[{"href":"https:\/\/ciudadtrujillo.com\/index.php?rest_route=\/wp\/v2\/types\/post"}],"author":[{"embeddable":true,"href":"https:\/\/ciudadtrujillo.com\/index.php?rest_route=\/wp\/v2\/users\/7"}],"replies":[{"embeddable":true,"href":"https:\/\/ciudadtrujillo.com\/index.php?rest_route=%2Fwp%2Fv2%2Fcomments&post=29420"}],"version-history":[{"count":1,"href":"https:\/\/ciudadtrujillo.com\/index.php?rest_route=\/wp\/v2\/posts\/29420\/revisions"}],"predecessor-version":[{"id":29422,"href":"https:\/\/ciudadtrujillo.com\/index.php?rest_route=\/wp\/v2\/posts\/29420\/revisions\/29422"}],"wp:featuredmedia":[{"embeddable":true,"href":"https:\/\/ciudadtrujillo.com\/index.php?rest_route=\/wp\/v2\/media\/29421"}],"wp:attachment":[{"href":"https:\/\/ciudadtrujillo.com\/index.php?rest_route=%2Fwp%2Fv2%2Fmedia&parent=29420"}],"wp:term":[{"taxonomy":"category","embeddable":true,"href":"https:\/\/ciudadtrujillo.com\/index.php?rest_route=%2Fwp%2Fv2%2Fcategories&post=29420"},{"taxonomy":"post_tag","embeddable":true,"href":"https:\/\/ciudadtrujillo.com\/index.php?rest_route=%2Fwp%2Fv2%2Ftags&post=29420"}],"curies":[{"name":"wp","href":"https:\/\/api.w.org\/{rel}","templated":true}]}}