{"id":29417,"date":"2023-07-13T21:35:05","date_gmt":"2023-07-14T01:35:05","guid":{"rendered":"http:\/\/ciudadtrujillo.com\/?p=29417"},"modified":"2023-07-13T21:35:05","modified_gmt":"2023-07-14T01:35:05","slug":"inauguran-salon-de-sesiones-fabricio-ojeda-para-discusiones-parlamentarias-del-clet","status":"publish","type":"post","link":"https:\/\/ciudadtrujillo.com\/?p=29417","title":{"rendered":"Inauguran Sal\u00f3n de Sesiones Fabricio Ojeda para discusiones parlamentarias del Clet"},"content":{"rendered":"<p style=\"text-align: justify;\">En el Consejo Legislativo del estado Trujillo (Clet) se inaugur\u00f3 el Sal\u00f3n de Sesiones Fabricio Ojeda como parte del compromiso de darle al Parlamento regional un lugar digno de encuentro.<\/p>\n<p style=\"text-align: justify;\">Entre actos culturales inici\u00f3 la actividad en la que el presidente del Clet, Carlos Iglesias se\u00f1al\u00f3 que la apertura de este espacio embellecido es significado de un gran logro, el cual \u00ablleva el nombre del maestro, periodista y guerrillero, Fabricio Ojeda\u00bb.<\/p>\n<p style=\"text-align: justify;\">Subray\u00f3 que: \u00abEl sal\u00f3n debe convertirse en un sitio de encuentro a pesar de las situaciones que se presentan, porque estamos trabajando por el pueblo\u00bb.<\/p>\n<p style=\"text-align: justify;\">La inauguraci\u00f3n se desarroll\u00f3 en compa\u00f1\u00eda de legisladores, autoridades regionales, trabajadores del Clet y dem\u00e1s invitados.<\/p>\n<p>&nbsp;<\/p>\n<p>&nbsp;<\/p>\n<p>&nbsp;<\/p>\n<h6>Rossiel Hurtado\/Gr\u00e1ficas: David V\u00e1squez<\/h6>\n","protected":false},"excerpt":{"rendered":"<p>En el Consejo Legislativo del estado Trujillo (Clet) se inaugur\u00f3 el Sal\u00f3n de Sesiones Fabricio Ojeda como parte del compromiso de darle al Parlamento regional un lugar digno de encuentro.&hellip; <\/p>\n","protected":false},"author":7,"featured_media":29418,"comment_status":"closed","ping_status":"closed","sticky":false,"template":"","format":"standard","meta":{"footnotes":""},"categories":[40],"tags":[],"class_list":["post-29417","post","type-post","status-publish","format-standard","has-post-thumbnail","hentry","category-grantrujillo"],"_links":{"self":[{"href":"https:\/\/ciudadtrujillo.com\/index.php?rest_route=\/wp\/v2\/posts\/29417","targetHints":{"allow":["GET"]}}],"collection":[{"href":"https:\/\/ciudadtrujillo.com\/index.php?rest_route=\/wp\/v2\/posts"}],"about":[{"href":"https:\/\/ciudadtrujillo.com\/index.php?rest_route=\/wp\/v2\/types\/post"}],"author":[{"embeddable":true,"href":"https:\/\/ciudadtrujillo.com\/index.php?rest_route=\/wp\/v2\/users\/7"}],"replies":[{"embeddable":true,"href":"https:\/\/ciudadtrujillo.com\/index.php?rest_route=%2Fwp%2Fv2%2Fcomments&post=29417"}],"version-history":[{"count":1,"href":"https:\/\/ciudadtrujillo.com\/index.php?rest_route=\/wp\/v2\/posts\/29417\/revisions"}],"predecessor-version":[{"id":29419,"href":"https:\/\/ciudadtrujillo.com\/index.php?rest_route=\/wp\/v2\/posts\/29417\/revisions\/29419"}],"wp:featuredmedia":[{"embeddable":true,"href":"https:\/\/ciudadtrujillo.com\/index.php?rest_route=\/wp\/v2\/media\/29418"}],"wp:attachment":[{"href":"https:\/\/ciudadtrujillo.com\/index.php?rest_route=%2Fwp%2Fv2%2Fmedia&parent=29417"}],"wp:term":[{"taxonomy":"category","embeddable":true,"href":"https:\/\/ciudadtrujillo.com\/index.php?rest_route=%2Fwp%2Fv2%2Fcategories&post=29417"},{"taxonomy":"post_tag","embeddable":true,"href":"https:\/\/ciudadtrujillo.com\/index.php?rest_route=%2Fwp%2Fv2%2Ftags&post=29417"}],"curies":[{"name":"wp","href":"https:\/\/api.w.org\/{rel}","templated":true}]}}