{"id":29414,"date":"2023-07-13T21:30:09","date_gmt":"2023-07-14T01:30:09","guid":{"rendered":"http:\/\/ciudadtrujillo.com\/?p=29414"},"modified":"2023-07-13T21:30:09","modified_gmt":"2023-07-14T01:30:09","slug":"bolivia-y-chile-acuerdan-luchar-contra-contrabando-fronterizo","status":"publish","type":"post","link":"https:\/\/ciudadtrujillo.com\/?p=29414","title":{"rendered":"Bolivia y Chile acuerdan luchar contra contrabando fronterizo"},"content":{"rendered":"<p style=\"text-align: justify;\">Durante una reuni\u00f3n de alto nivel, Bolivia y Chile acordaron este mi\u00e9rcoles que en 15 d\u00edas suscribir\u00e1n un acuerdo destinado a combatir el robo de veh\u00edculos y su comercializaci\u00f3n, as\u00ed como a volver a encontrarse en un plazo de un mes para trabajar en una pol\u00edtica migratoria y de lucha contra el contrabando.<\/p>\n<p style=\"text-align: justify;\">De manera preliminar, se determin\u00f3 la puesta en funcionamiento de una base de datos en l\u00ednea para que ambos pa\u00edses puedan conocer de forma instant\u00e1nea sobre denuncias de robo de motorizados en Chile y as\u00ed evitar que estos ingresen a territorio boliviano.<\/p>\n<p style=\"text-align: justify;\">En ese sentido, el ministro de Gobierno de ese pa\u00eds, Eduardo del Castillo, explic\u00f3 que esto ayudar\u00e1 a que la Polic\u00eda act\u00fae de inmediato para realizar operativos en ferias de venta de motorizados e identificar los que estar\u00edan siendo comercializados ilegalmente.<\/p>\n<p style=\"text-align: justify;\">En tanto, el subsecretario del Interior de Chile, Manuel Monsalve, explic\u00f3 adem\u00e1s que en 15 d\u00edas definir\u00e1n un itinerario de operativos policiales en conjunto a lo largo de toda la frontera entre las dos naciones.<\/p>\n<p style=\"text-align: justify;\">Por otra parte, confirm\u00f3 la futura firma de un memor\u00e1ndum de entendimiento \u201cque ya ha sido trabajado con el Gobierno boliviano en materia de lucha de trata de personas, prevenci\u00f3n y asistencia a las v\u00edctimas\u201d.<\/p>\n<p style=\"text-align: justify;\">El encuentro se produce poco despu\u00e9s de que tres ciudadanos chilenos fueran atacados en Challapata, en el Departamento boliviano de Oruro, con disparos de armas de fuego cuando encontraron el cami\u00f3n que les hab\u00edan robado en su pa\u00eds.<\/p>\n<p>&nbsp;<\/p>\n<p>&nbsp;<\/p>\n<p>&nbsp;<\/p>\n<h6>Telesur\/Gr\u00e1ficas: Cortes\u00eda<\/h6>\n","protected":false},"excerpt":{"rendered":"<p>Durante una reuni\u00f3n de alto nivel, Bolivia y Chile acordaron este mi\u00e9rcoles que en 15 d\u00edas suscribir\u00e1n un acuerdo destinado a combatir el robo de veh\u00edculos y su comercializaci\u00f3n, as\u00ed&hellip; <\/p>\n","protected":false},"author":7,"featured_media":29415,"comment_status":"closed","ping_status":"closed","sticky":false,"template":"","format":"standard","meta":{"footnotes":""},"categories":[42],"tags":[],"class_list":["post-29414","post","type-post","status-publish","format-standard","has-post-thumbnail","hentry","category-mundo"],"_links":{"self":[{"href":"https:\/\/ciudadtrujillo.com\/index.php?rest_route=\/wp\/v2\/posts\/29414","targetHints":{"allow":["GET"]}}],"collection":[{"href":"https:\/\/ciudadtrujillo.com\/index.php?rest_route=\/wp\/v2\/posts"}],"about":[{"href":"https:\/\/ciudadtrujillo.com\/index.php?rest_route=\/wp\/v2\/types\/post"}],"author":[{"embeddable":true,"href":"https:\/\/ciudadtrujillo.com\/index.php?rest_route=\/wp\/v2\/users\/7"}],"replies":[{"embeddable":true,"href":"https:\/\/ciudadtrujillo.com\/index.php?rest_route=%2Fwp%2Fv2%2Fcomments&post=29414"}],"version-history":[{"count":1,"href":"https:\/\/ciudadtrujillo.com\/index.php?rest_route=\/wp\/v2\/posts\/29414\/revisions"}],"predecessor-version":[{"id":29416,"href":"https:\/\/ciudadtrujillo.com\/index.php?rest_route=\/wp\/v2\/posts\/29414\/revisions\/29416"}],"wp:featuredmedia":[{"embeddable":true,"href":"https:\/\/ciudadtrujillo.com\/index.php?rest_route=\/wp\/v2\/media\/29415"}],"wp:attachment":[{"href":"https:\/\/ciudadtrujillo.com\/index.php?rest_route=%2Fwp%2Fv2%2Fmedia&parent=29414"}],"wp:term":[{"taxonomy":"category","embeddable":true,"href":"https:\/\/ciudadtrujillo.com\/index.php?rest_route=%2Fwp%2Fv2%2Fcategories&post=29414"},{"taxonomy":"post_tag","embeddable":true,"href":"https:\/\/ciudadtrujillo.com\/index.php?rest_route=%2Fwp%2Fv2%2Ftags&post=29414"}],"curies":[{"name":"wp","href":"https:\/\/api.w.org\/{rel}","templated":true}]}}