{"id":29283,"date":"2023-07-06T23:20:39","date_gmt":"2023-07-07T03:20:39","guid":{"rendered":"http:\/\/ciudadtrujillo.com\/?p=29283"},"modified":"2023-07-06T23:20:39","modified_gmt":"2023-07-07T03:20:39","slug":"gobernador-gerardo-marquez-iniciamos-este-viernes-el-dragado-del-rio-bocono-en-7-puntos","status":"publish","type":"post","link":"https:\/\/ciudadtrujillo.com\/?p=29283","title":{"rendered":"Gobernador Gerardo M\u00e1rquez: Iniciamos este viernes el dragado del r\u00edo Bocon\u00f3 en 7 puntos"},"content":{"rendered":"<p style=\"text-align: justify;\">Tras un intenso despliegue por diversas localidades del municipio Bocon\u00f3 que han resultado afectadas por el impacto de las fuertes precipitaciones acaecidas en los \u00faltimos d\u00edas en la localidad, el gobernador Gerardo M\u00e1rquez, junto al equipo de la alcald\u00eda, el gabinete de infraestructura y organismos de seguridad, anunci\u00f3 una serie de medidas para dar respuesta al pueblo ante las situaciones sobrevenidas.<\/p>\n<p style=\"text-align: justify;\">El mandatario regional detall\u00f3 que, en primer lugar, este viernes (hoy) iniciar\u00e1 el dragado del r\u00edo Bocon\u00f3 \u201cen 7 puntos neur\u00e1lgicos que ha determinado el equipo de infraestructura de la alcald\u00eda\u201d. As\u00ed lo asever\u00f3 desde la comunidad de Pie del Portachuelo (en la entrada a Bocon\u00f3 desde Valera, por la v\u00eda de la Troncal 007), donde se evaluaron las condiciones de la zona, en la cual hubo recientemente la p\u00e9rdida de viviendas a causa de las lluvias.<\/p>\n<p style=\"text-align: justify;\">En compa\u00f1\u00eda del alcalde Alejandro Garc\u00eda y representantes del equipo de servicios p\u00fablicos e infraestructura, el gobernador detall\u00f3 que se ha activado desde Bocon\u00f3 la Fuerza de Tarea Andes 2023 en el eje de monta\u00f1a, \u201chemos puesto como espacio de este comando unificado de emergencia a la sede del 1&#215;10 del Buen Gobierno, ubicado en el Centro Hort\u00edcola de la localidad\u201d.<\/p>\n<p style=\"text-align: justify;\">Recalc\u00f3 que todas las instituciones desplegadas se mantendr\u00e1n activas en el municipio para dar respuesta inmediata donde se presenten eventos adversos.<\/p>\n<p style=\"text-align: justify;\">\u201cAqu\u00ed estaremos el tiempo que sea necesario para enfrentar todas estas emergencias que se nos han presentado y que nuestro pueblo est\u00e9 en tranquilidad (\u2026) estamos dando la cara como nos lo ha pedido el Presidente Nicol\u00e1s Maduro\u201d, puntualiz\u00f3.<\/p>\n<p style=\"text-align: justify;\">\n<p>&nbsp;<\/p>\n<p>&nbsp;<\/p>\n<h6>Yelimar Hidalgo\/Gr\u00e1ficas: Fernando Chuecos \/ Samuel Torres<\/h6>\n","protected":false},"excerpt":{"rendered":"<p>Tras un intenso despliegue por diversas localidades del municipio Bocon\u00f3 que han resultado afectadas por el impacto de las fuertes precipitaciones acaecidas en los \u00faltimos d\u00edas en la localidad, el&hellip; <\/p>\n","protected":false},"author":7,"featured_media":29284,"comment_status":"closed","ping_status":"closed","sticky":false,"template":"","format":"standard","meta":{"footnotes":""},"categories":[52,40],"tags":[],"class_list":["post-29283","post","type-post","status-publish","format-standard","has-post-thumbnail","hentry","category-destacadas","category-grantrujillo"],"_links":{"self":[{"href":"https:\/\/ciudadtrujillo.com\/index.php?rest_route=\/wp\/v2\/posts\/29283","targetHints":{"allow":["GET"]}}],"collection":[{"href":"https:\/\/ciudadtrujillo.com\/index.php?rest_route=\/wp\/v2\/posts"}],"about":[{"href":"https:\/\/ciudadtrujillo.com\/index.php?rest_route=\/wp\/v2\/types\/post"}],"author":[{"embeddable":true,"href":"https:\/\/ciudadtrujillo.com\/index.php?rest_route=\/wp\/v2\/users\/7"}],"replies":[{"embeddable":true,"href":"https:\/\/ciudadtrujillo.com\/index.php?rest_route=%2Fwp%2Fv2%2Fcomments&post=29283"}],"version-history":[{"count":1,"href":"https:\/\/ciudadtrujillo.com\/index.php?rest_route=\/wp\/v2\/posts\/29283\/revisions"}],"predecessor-version":[{"id":29285,"href":"https:\/\/ciudadtrujillo.com\/index.php?rest_route=\/wp\/v2\/posts\/29283\/revisions\/29285"}],"wp:featuredmedia":[{"embeddable":true,"href":"https:\/\/ciudadtrujillo.com\/index.php?rest_route=\/wp\/v2\/media\/29284"}],"wp:attachment":[{"href":"https:\/\/ciudadtrujillo.com\/index.php?rest_route=%2Fwp%2Fv2%2Fmedia&parent=29283"}],"wp:term":[{"taxonomy":"category","embeddable":true,"href":"https:\/\/ciudadtrujillo.com\/index.php?rest_route=%2Fwp%2Fv2%2Fcategories&post=29283"},{"taxonomy":"post_tag","embeddable":true,"href":"https:\/\/ciudadtrujillo.com\/index.php?rest_route=%2Fwp%2Fv2%2Ftags&post=29283"}],"curies":[{"name":"wp","href":"https:\/\/api.w.org\/{rel}","templated":true}]}}