{"id":29280,"date":"2023-07-06T23:18:22","date_gmt":"2023-07-07T03:18:22","guid":{"rendered":"http:\/\/ciudadtrujillo.com\/?p=29280"},"modified":"2023-07-06T23:18:22","modified_gmt":"2023-07-07T03:18:22","slug":"ejecutivo-regional-instalara-estructura-metalica-en-puente-la-cavita-para-reforzar-trabajos-de-recuperacion","status":"publish","type":"post","link":"https:\/\/ciudadtrujillo.com\/?p=29280","title":{"rendered":"Ejecutivo regional instalar\u00e1 estructura met\u00e1lica en puente La Cavita para reforzar trabajos de recuperaci\u00f3n"},"content":{"rendered":"<p style=\"text-align: justify;\">Desde el puente La Cavita, que conecta a Bocon\u00f3 con las parroquias San Jos\u00e9 de Tost\u00f3s, Monse\u00f1or J\u00e1uregui y General Ribas, el gobernador Gerardo M\u00e1rquez inform\u00f3 que reforzar\u00e1n los trabajos de recuperaci\u00f3n que mantienen en la estructura a fin de atender la afectaci\u00f3n que presenta a causa de las lluvias.<\/p>\n<p style=\"text-align: justify;\">\u201cHemos evaluado la situaci\u00f3n de las emergencias en la zona y hemos decidido trasladar hasta este sitio un puente met\u00e1lico (de guerra) para apoyar a la actual estructura, mientras se realizan las obras de infraestructura y la canalizaci\u00f3n del r\u00edo Bocon\u00f3\u201d, asever\u00f3 el mandatario regional durante el recorrido y evaluaci\u00f3n de los da\u00f1os.<\/p>\n<p style=\"text-align: justify;\">Junto al alcalde del municipio Bocon\u00f3, Alejandro Garc\u00eda, y el equipo de infraestructura, resalt\u00f3 que est\u00e1n atendiendo con un gran esfuerzo las emergencias producto de las lluvias en la localidad. \u201cEste puente comunica a Bocon\u00f3 con Niquitao, Tost\u00f3s y Las Mesitas, que son zonas muy productivas del municipio, por ello, en nombre del Presidente Nicol\u00e1s Maduro y del gobierno nacional, estamos dando respuesta al pueblo del Jard\u00edn de Venezuela, porque Bocon\u00f3 somos todos\u201d.<\/p>\n<p style=\"text-align: justify;\">\n<p>&nbsp;<\/p>\n<p>&nbsp;<\/p>\n<p>&nbsp;<\/p>\n<h6>Yelimar Hidalgo\/Gr\u00e1ficas: Fernando Chuecos \/ Samuel Torres<\/h6>\n","protected":false},"excerpt":{"rendered":"<p>Desde el puente La Cavita, que conecta a Bocon\u00f3 con las parroquias San Jos\u00e9 de Tost\u00f3s, Monse\u00f1or J\u00e1uregui y General Ribas, el gobernador Gerardo M\u00e1rquez inform\u00f3 que reforzar\u00e1n los trabajos&hellip; <\/p>\n","protected":false},"author":7,"featured_media":29281,"comment_status":"closed","ping_status":"closed","sticky":false,"template":"","format":"standard","meta":{"footnotes":""},"categories":[40],"tags":[],"class_list":["post-29280","post","type-post","status-publish","format-standard","has-post-thumbnail","hentry","category-grantrujillo"],"_links":{"self":[{"href":"https:\/\/ciudadtrujillo.com\/index.php?rest_route=\/wp\/v2\/posts\/29280","targetHints":{"allow":["GET"]}}],"collection":[{"href":"https:\/\/ciudadtrujillo.com\/index.php?rest_route=\/wp\/v2\/posts"}],"about":[{"href":"https:\/\/ciudadtrujillo.com\/index.php?rest_route=\/wp\/v2\/types\/post"}],"author":[{"embeddable":true,"href":"https:\/\/ciudadtrujillo.com\/index.php?rest_route=\/wp\/v2\/users\/7"}],"replies":[{"embeddable":true,"href":"https:\/\/ciudadtrujillo.com\/index.php?rest_route=%2Fwp%2Fv2%2Fcomments&post=29280"}],"version-history":[{"count":1,"href":"https:\/\/ciudadtrujillo.com\/index.php?rest_route=\/wp\/v2\/posts\/29280\/revisions"}],"predecessor-version":[{"id":29282,"href":"https:\/\/ciudadtrujillo.com\/index.php?rest_route=\/wp\/v2\/posts\/29280\/revisions\/29282"}],"wp:featuredmedia":[{"embeddable":true,"href":"https:\/\/ciudadtrujillo.com\/index.php?rest_route=\/wp\/v2\/media\/29281"}],"wp:attachment":[{"href":"https:\/\/ciudadtrujillo.com\/index.php?rest_route=%2Fwp%2Fv2%2Fmedia&parent=29280"}],"wp:term":[{"taxonomy":"category","embeddable":true,"href":"https:\/\/ciudadtrujillo.com\/index.php?rest_route=%2Fwp%2Fv2%2Fcategories&post=29280"},{"taxonomy":"post_tag","embeddable":true,"href":"https:\/\/ciudadtrujillo.com\/index.php?rest_route=%2Fwp%2Fv2%2Ftags&post=29280"}],"curies":[{"name":"wp","href":"https:\/\/api.w.org\/{rel}","templated":true}]}}