{"id":29188,"date":"2023-07-04T20:43:43","date_gmt":"2023-07-05T00:43:43","guid":{"rendered":"http:\/\/ciudadtrujillo.com\/?p=29188"},"modified":"2023-07-04T20:43:43","modified_gmt":"2023-07-05T00:43:43","slug":"venezuela-lleva-su-mensaje-al-buro-ministerial-del-mnoal","status":"publish","type":"post","link":"https:\/\/ciudadtrujillo.com\/?p=29188","title":{"rendered":"Venezuela lleva su mensaje al Bur\u00f3 Ministerial del MNOAL"},"content":{"rendered":"<p style=\"text-align: justify;\">La Rep\u00fablica Bolivariana de Venezuela, se encuentra presente en Bak\u00fa, Azerbaiy\u00e1n, para participar en el Bur\u00f3 Ministerial de Coordinaci\u00f3n del Movimiento de Pa\u00edses No Alineados (MNOAL). As\u00ed lo dio a conocer el ministro del Poder Popular para Relaciones Exteriores, Yv\u00e1n Gil, a trav\u00e9s de sus redes sociales.<\/p>\n<p style=\"text-align: justify;\">El canciller venezolano, en el video difundido, destac\u00f3 que este es el movimiento m\u00e1s grande de pa\u00edses que mantiene su lucha por un nuevo orden mundial justo.<\/p>\n<p style=\"text-align: justify;\">\u201cHemos llegado a Bak\u00fa, Rep\u00fablica de Azerbaiy\u00e1n a la reuni\u00f3n del Bur\u00f3 Ministerial de Coordinaci\u00f3n del MNOAL, donde hemos venido a traer la palabra de Venezuela. Vamos a tener una agenda de trabajo con distintos pa\u00edses\u201d, a\u00f1adi\u00f3.<\/p>\n<p style=\"text-align: justify;\">Vale acotar que el MNOAL, naci\u00f3 en Belgrado, Serbia en el a\u00f1o 1961, como un movimiento alternativo para defender el orden mundial justo, basado en los principios de la Carta de Naciones Unidas, y en ese sentido, el canciller ratific\u00f3 que Venezuela va a defender estos principios de movimientos regionales que tratan de imponer la dominaci\u00f3n a los pa\u00edses del mundo.<\/p>\n<p style=\"text-align: justify;\">\n<p>&nbsp;<\/p>\n<p>&nbsp;<\/p>\n<h6>VTV\/Gr\u00e1ficas: Cortes\u00eda<\/h6>\n","protected":false},"excerpt":{"rendered":"<p>La Rep\u00fablica Bolivariana de Venezuela, se encuentra presente en Bak\u00fa, Azerbaiy\u00e1n, para participar en el Bur\u00f3 Ministerial de Coordinaci\u00f3n del Movimiento de Pa\u00edses No Alineados (MNOAL). As\u00ed lo dio a&hellip; <\/p>\n","protected":false},"author":7,"featured_media":29189,"comment_status":"closed","ping_status":"closed","sticky":false,"template":"","format":"standard","meta":{"footnotes":""},"categories":[41],"tags":[],"class_list":["post-29188","post","type-post","status-publish","format-standard","has-post-thumbnail","hentry","category-pais"],"_links":{"self":[{"href":"https:\/\/ciudadtrujillo.com\/index.php?rest_route=\/wp\/v2\/posts\/29188","targetHints":{"allow":["GET"]}}],"collection":[{"href":"https:\/\/ciudadtrujillo.com\/index.php?rest_route=\/wp\/v2\/posts"}],"about":[{"href":"https:\/\/ciudadtrujillo.com\/index.php?rest_route=\/wp\/v2\/types\/post"}],"author":[{"embeddable":true,"href":"https:\/\/ciudadtrujillo.com\/index.php?rest_route=\/wp\/v2\/users\/7"}],"replies":[{"embeddable":true,"href":"https:\/\/ciudadtrujillo.com\/index.php?rest_route=%2Fwp%2Fv2%2Fcomments&post=29188"}],"version-history":[{"count":1,"href":"https:\/\/ciudadtrujillo.com\/index.php?rest_route=\/wp\/v2\/posts\/29188\/revisions"}],"predecessor-version":[{"id":29190,"href":"https:\/\/ciudadtrujillo.com\/index.php?rest_route=\/wp\/v2\/posts\/29188\/revisions\/29190"}],"wp:featuredmedia":[{"embeddable":true,"href":"https:\/\/ciudadtrujillo.com\/index.php?rest_route=\/wp\/v2\/media\/29189"}],"wp:attachment":[{"href":"https:\/\/ciudadtrujillo.com\/index.php?rest_route=%2Fwp%2Fv2%2Fmedia&parent=29188"}],"wp:term":[{"taxonomy":"category","embeddable":true,"href":"https:\/\/ciudadtrujillo.com\/index.php?rest_route=%2Fwp%2Fv2%2Fcategories&post=29188"},{"taxonomy":"post_tag","embeddable":true,"href":"https:\/\/ciudadtrujillo.com\/index.php?rest_route=%2Fwp%2Fv2%2Ftags&post=29188"}],"curies":[{"name":"wp","href":"https:\/\/api.w.org\/{rel}","templated":true}]}}