{"id":29185,"date":"2023-07-04T20:42:00","date_gmt":"2023-07-05T00:42:00","guid":{"rendered":"http:\/\/ciudadtrujillo.com\/?p=29185"},"modified":"2023-07-04T20:42:00","modified_gmt":"2023-07-05T00:42:00","slug":"maraton-artesanal-2023-cierra-inscripciones-este-7-de-julio","status":"publish","type":"post","link":"https:\/\/ciudadtrujillo.com\/?p=29185","title":{"rendered":"Marat\u00f3n Artesanal 2023 cierra inscripciones este 7 de julio"},"content":{"rendered":"<p style=\"text-align: justify;\">El sector artesanal tendr\u00e1 pr\u00f3rroga hasta el viernes 7 de julio del presente a\u00f1o, para participar en el proceso de inscripci\u00f3n de su obra, y la planilla se podr\u00e1 adquirir en las oficinas regionales del Ministerio del Poder Popular para la Cultura. Dicha actividad forma parte del \u201cBicentenario Batalla Naval del Lago de Maracaibo\u201d.<\/p>\n<p style=\"text-align: justify;\">As\u00ed lo inform\u00f3 la Fundaci\u00f3n Red de Arte a trav\u00e9s de la red social Twitter @reddearte, en la que comunic\u00f3: \u201cEstamos en la recta final del proceso de inscripci\u00f3n al Marat\u00f3n Artesanal 2023, recuerda que la pr\u00f3rroga de participaci\u00f3n es del 1 al 7 de julio, aprovecha esta oportunidad y corre con tu planilla a las oficinas regionales del Ministerio del Poder Popular para la Cultura\u201d.<\/p>\n<p style=\"text-align: justify;\">Adem\u00e1s, incluye un link donde se destaca que con el llenado de la planilla, el artesano queda registrado para participar en el marat\u00f3n. \u201cEs muy importante que se cumplan las fechas previstas para la inscripci\u00f3n y entrega de piezas. Una vez inscrito, lea detenidamente la convocatoria y bases del Marat\u00f3n, que podr\u00e1 descargar de la p\u00e1gina Web <a href=\"https:\/\/reddearte.gob.ve\/\">https:\/\/reddearte.gob.ve\/<\/a> y desde nuestras redes sociales\u201d.<\/p>\n<p>&nbsp;<\/p>\n<p>&nbsp;<\/p>\n<h6>VTV<\/h6>\n","protected":false},"excerpt":{"rendered":"<p>El sector artesanal tendr\u00e1 pr\u00f3rroga hasta el viernes 7 de julio del presente a\u00f1o, para participar en el proceso de inscripci\u00f3n de su obra, y la planilla se podr\u00e1 adquirir&hellip; <\/p>\n","protected":false},"author":7,"featured_media":29186,"comment_status":"closed","ping_status":"closed","sticky":false,"template":"","format":"standard","meta":{"footnotes":""},"categories":[46],"tags":[],"class_list":["post-29185","post","type-post","status-publish","format-standard","has-post-thumbnail","hentry","category-cultura"],"_links":{"self":[{"href":"https:\/\/ciudadtrujillo.com\/index.php?rest_route=\/wp\/v2\/posts\/29185","targetHints":{"allow":["GET"]}}],"collection":[{"href":"https:\/\/ciudadtrujillo.com\/index.php?rest_route=\/wp\/v2\/posts"}],"about":[{"href":"https:\/\/ciudadtrujillo.com\/index.php?rest_route=\/wp\/v2\/types\/post"}],"author":[{"embeddable":true,"href":"https:\/\/ciudadtrujillo.com\/index.php?rest_route=\/wp\/v2\/users\/7"}],"replies":[{"embeddable":true,"href":"https:\/\/ciudadtrujillo.com\/index.php?rest_route=%2Fwp%2Fv2%2Fcomments&post=29185"}],"version-history":[{"count":1,"href":"https:\/\/ciudadtrujillo.com\/index.php?rest_route=\/wp\/v2\/posts\/29185\/revisions"}],"predecessor-version":[{"id":29187,"href":"https:\/\/ciudadtrujillo.com\/index.php?rest_route=\/wp\/v2\/posts\/29185\/revisions\/29187"}],"wp:featuredmedia":[{"embeddable":true,"href":"https:\/\/ciudadtrujillo.com\/index.php?rest_route=\/wp\/v2\/media\/29186"}],"wp:attachment":[{"href":"https:\/\/ciudadtrujillo.com\/index.php?rest_route=%2Fwp%2Fv2%2Fmedia&parent=29185"}],"wp:term":[{"taxonomy":"category","embeddable":true,"href":"https:\/\/ciudadtrujillo.com\/index.php?rest_route=%2Fwp%2Fv2%2Fcategories&post=29185"},{"taxonomy":"post_tag","embeddable":true,"href":"https:\/\/ciudadtrujillo.com\/index.php?rest_route=%2Fwp%2Fv2%2Ftags&post=29185"}],"curies":[{"name":"wp","href":"https:\/\/api.w.org\/{rel}","templated":true}]}}