{"id":29181,"date":"2023-07-04T20:40:22","date_gmt":"2023-07-05T00:40:22","guid":{"rendered":"http:\/\/ciudadtrujillo.com\/?p=29181"},"modified":"2023-07-04T20:40:22","modified_gmt":"2023-07-05T00:40:22","slug":"hoy-se-conmemoran-212-anos-de-la-independencia-de-la-patria","status":"publish","type":"post","link":"https:\/\/ciudadtrujillo.com\/?p=29181","title":{"rendered":"Hoy se conmemoran 212 a\u00f1os de la independencia de la Patria"},"content":{"rendered":"<p style=\"text-align: justify;\">Hace 212 a\u00f1os, siete de las diez provincias pertenecientes a la Capitan\u00eda General de Venezuela declararon su independencia de la Corona Espa\u00f1ola, estableciendo una nueva naci\u00f3n basada en principios republicanos y federales, aboliendo para siempre la monarqu\u00eda bajo los valores de la igualdad de los individuos.<\/p>\n<p style=\"text-align: justify;\">Todo comenz\u00f3 con el movimiento revolucionario y popular de Caracas, el 19 de abril de 1810, jueves Santo, en reacci\u00f3n al nombramiento de Vicente Emparan como gobernador de la Capitan\u00eda General de la Rep\u00fablica, en representaci\u00f3n de la Junta Suprema Central de Espa\u00f1a.<\/p>\n<p style=\"text-align: justify;\">El pueblo e importantes sectores de las fuerzas armadas rechazaron el mandato de Emparan por continuar su fidelidad con el rey Fernando VII, tomaron el Cabildo de Caracas y exigieron su renuncia. Esta acci\u00f3n super\u00f3 el \u00e1mbito de la provincia de Caracas al sumarse otras lo que implic\u00f3 la ruptura definitiva con la colonia espa\u00f1ola.<\/p>\n<p style=\"text-align: justify;\">Es el 2 de mayo de 1810 cuando se instala el primer Congreso de Venezuela que oficializa la primera Rep\u00fablica e inicia la Guerra de Independencia. Dicho movimiento revolucionario tuvo un impacto no s\u00f3lo de Venezuela, sino en el resto de toda Sudam\u00e9rica.<\/p>\n<p style=\"text-align: justify;\">La gesta independentista se ve cristalizada a trav\u00e9s de la firma del Acta de la Declaraci\u00f3n de Independencia, el 5 de julio de 1811, donde siete provincias espa\u00f1olas declaran ser independientes de la Capitan\u00eda General de Venezuela.<\/p>\n<p style=\"text-align: justify;\">El acta fue redactada por Juan Germ\u00e1n Roscio y Francisco Isnardi, ratificada por el Congreso el 7 de julio de 1811, y pasada al libro de Actas el 18 de agosto de 1811, en Caracas.<\/p>\n<p style=\"text-align: justify;\">La nueva naci\u00f3n que esta declaraci\u00f3n proclam\u00f3 ser\u00eda la Confederaci\u00f3n Americana de Venezuela, posteriormente con la promulgaci\u00f3n de la Constituci\u00f3n Federal de 1811 oficializar\u00eda el nombre de la naci\u00f3n como Estados de Venezuela.<\/p>\n<p>&nbsp;<\/p>\n<p>&nbsp;<\/p>\n<h6>VTV\/Gr\u00e1ficas: Cortes\u00eda<\/h6>\n","protected":false},"excerpt":{"rendered":"<p>Hace 212 a\u00f1os, siete de las diez provincias pertenecientes a la Capitan\u00eda General de Venezuela declararon su independencia de la Corona Espa\u00f1ola, estableciendo una nueva naci\u00f3n basada en principios republicanos&hellip; <\/p>\n","protected":false},"author":7,"featured_media":29183,"comment_status":"closed","ping_status":"closed","sticky":false,"template":"","format":"standard","meta":{"footnotes":""},"categories":[41],"tags":[],"class_list":["post-29181","post","type-post","status-publish","format-standard","has-post-thumbnail","hentry","category-pais"],"_links":{"self":[{"href":"https:\/\/ciudadtrujillo.com\/index.php?rest_route=\/wp\/v2\/posts\/29181","targetHints":{"allow":["GET"]}}],"collection":[{"href":"https:\/\/ciudadtrujillo.com\/index.php?rest_route=\/wp\/v2\/posts"}],"about":[{"href":"https:\/\/ciudadtrujillo.com\/index.php?rest_route=\/wp\/v2\/types\/post"}],"author":[{"embeddable":true,"href":"https:\/\/ciudadtrujillo.com\/index.php?rest_route=\/wp\/v2\/users\/7"}],"replies":[{"embeddable":true,"href":"https:\/\/ciudadtrujillo.com\/index.php?rest_route=%2Fwp%2Fv2%2Fcomments&post=29181"}],"version-history":[{"count":1,"href":"https:\/\/ciudadtrujillo.com\/index.php?rest_route=\/wp\/v2\/posts\/29181\/revisions"}],"predecessor-version":[{"id":29184,"href":"https:\/\/ciudadtrujillo.com\/index.php?rest_route=\/wp\/v2\/posts\/29181\/revisions\/29184"}],"wp:featuredmedia":[{"embeddable":true,"href":"https:\/\/ciudadtrujillo.com\/index.php?rest_route=\/wp\/v2\/media\/29183"}],"wp:attachment":[{"href":"https:\/\/ciudadtrujillo.com\/index.php?rest_route=%2Fwp%2Fv2%2Fmedia&parent=29181"}],"wp:term":[{"taxonomy":"category","embeddable":true,"href":"https:\/\/ciudadtrujillo.com\/index.php?rest_route=%2Fwp%2Fv2%2Fcategories&post=29181"},{"taxonomy":"post_tag","embeddable":true,"href":"https:\/\/ciudadtrujillo.com\/index.php?rest_route=%2Fwp%2Fv2%2Ftags&post=29181"}],"curies":[{"name":"wp","href":"https:\/\/api.w.org\/{rel}","templated":true}]}}