{"id":29177,"date":"2023-07-03T20:43:39","date_gmt":"2023-07-04T00:43:39","guid":{"rendered":"http:\/\/ciudadtrujillo.com\/?p=29177"},"modified":"2023-07-03T20:43:39","modified_gmt":"2023-07-04T00:43:39","slug":"gobierno-bolivariano-coloco-en-una-semana-670-tn-de-asfalto-para-recuperar-la-vialidad-del-estado","status":"publish","type":"post","link":"https:\/\/ciudadtrujillo.com\/?p=29177","title":{"rendered":"Gobierno Bolivariano coloc\u00f3 en una semana 670 TN de asfalto para recuperar la vialidad del estado"},"content":{"rendered":"<p style=\"text-align: justify;\">Como parte del trabajo incansable que realiza la fuerza laboral de la Empresa de Asfalto del estado Trujillo (Emastru), por instrucciones del gobernador Gerardo M\u00e1rquez a lo largo de la semana se efectuaron diversas acciones que apuntan al fortalecimiento y recuperaci\u00f3n de la vialidad, destacando la colocaci\u00f3n de m\u00e1s de 670 toneladas de mezcla asf\u00e1ltica en diferentes puntos.<\/p>\n<p style=\"text-align: justify;\">En tal sentido, en la carretera Trujillo- Zulia, a la altura de los sectores El Aserradero y 5 de Marzo, parroquia El Jag\u00fcito del municipio (Andr\u00e9s Bello) fueron colocadas m\u00e1s de 160 toneladas de asfalto con trabajos en carpeta corrida. Tambi\u00e9n, con dichas labores, fue impactada la autopista Cruz Carrillo en el marco del Plan Especial de Intervenci\u00f3n a este eje carretero, coloc\u00e1ndose 165 toneladas de mezcla asf\u00e1ltica en el sentido Trujillo-Valera, en las cercan\u00edas a la urbanizaci\u00f3n San Diego.<\/p>\n<p style=\"text-align: justify;\">Asimismo, con la colocaci\u00f3n de 300 toneladas de mezcla asf\u00e1ltica, se realizaron labores de pavimentaci\u00f3n de la entrada al urbanismo Brisas de La Paz en Pamp\u00e1n, donde adem\u00e1s se efectu\u00f3 la conformaci\u00f3n y compactaci\u00f3n vial en cumplimiento a la palabra empe\u00f1ada del mandatario regional. Entre otros sectores abordados con bacheo, se encuentran El Pensil (Escuque), La Floresta (Valera) y Puente Minas (Pamp\u00e1n) con 50 toneladas colocadas.<\/p>\n<h3 style=\"text-align: justify;\">Otras acciones<\/h3>\n<p style=\"text-align: justify;\">Cabe destacar que, desde el lunes 26 de junio al domingo 09 de julio, el talento humano desarroll\u00f3, adem\u00e1s, trabajos relacionados con limpieza de cunetas, demarcaci\u00f3n, colocaci\u00f3n de tachas reflectivas y pintura de elementos viales, abordando la carretera Trujillo-Lara (Troncal 001).<\/p>\n<p style=\"text-align: justify;\">Igualmente, fue desplegada maquinaria y equipos de Emastru con el Grupo de Respuesta Inmediata para atender el deslave registrado en el sector Las Delicias, v\u00eda La Puerta (Valera) que obstaculiz\u00f3 el paso vehicular y, el cual, ya se encuentra restituido.<\/p>\n<p style=\"text-align: justify;\">\n<p>&nbsp;<\/p>\n<p>&nbsp;<\/p>\n<h6>Prensa Emastru\/Gr\u00e1ficas: cortes\u00eda<\/h6>\n","protected":false},"excerpt":{"rendered":"<p>Como parte del trabajo incansable que realiza la fuerza laboral de la Empresa de Asfalto del estado Trujillo (Emastru), por instrucciones del gobernador Gerardo M\u00e1rquez a lo largo de la&hellip; <\/p>\n","protected":false},"author":7,"featured_media":29178,"comment_status":"closed","ping_status":"closed","sticky":false,"template":"","format":"standard","meta":{"footnotes":""},"categories":[52,40],"tags":[],"class_list":["post-29177","post","type-post","status-publish","format-standard","has-post-thumbnail","hentry","category-destacadas","category-grantrujillo"],"_links":{"self":[{"href":"https:\/\/ciudadtrujillo.com\/index.php?rest_route=\/wp\/v2\/posts\/29177","targetHints":{"allow":["GET"]}}],"collection":[{"href":"https:\/\/ciudadtrujillo.com\/index.php?rest_route=\/wp\/v2\/posts"}],"about":[{"href":"https:\/\/ciudadtrujillo.com\/index.php?rest_route=\/wp\/v2\/types\/post"}],"author":[{"embeddable":true,"href":"https:\/\/ciudadtrujillo.com\/index.php?rest_route=\/wp\/v2\/users\/7"}],"replies":[{"embeddable":true,"href":"https:\/\/ciudadtrujillo.com\/index.php?rest_route=%2Fwp%2Fv2%2Fcomments&post=29177"}],"version-history":[{"count":1,"href":"https:\/\/ciudadtrujillo.com\/index.php?rest_route=\/wp\/v2\/posts\/29177\/revisions"}],"predecessor-version":[{"id":29179,"href":"https:\/\/ciudadtrujillo.com\/index.php?rest_route=\/wp\/v2\/posts\/29177\/revisions\/29179"}],"wp:featuredmedia":[{"embeddable":true,"href":"https:\/\/ciudadtrujillo.com\/index.php?rest_route=\/wp\/v2\/media\/29178"}],"wp:attachment":[{"href":"https:\/\/ciudadtrujillo.com\/index.php?rest_route=%2Fwp%2Fv2%2Fmedia&parent=29177"}],"wp:term":[{"taxonomy":"category","embeddable":true,"href":"https:\/\/ciudadtrujillo.com\/index.php?rest_route=%2Fwp%2Fv2%2Fcategories&post=29177"},{"taxonomy":"post_tag","embeddable":true,"href":"https:\/\/ciudadtrujillo.com\/index.php?rest_route=%2Fwp%2Fv2%2Ftags&post=29177"}],"curies":[{"name":"wp","href":"https:\/\/api.w.org\/{rel}","templated":true}]}}