{"id":29098,"date":"2023-06-29T19:21:09","date_gmt":"2023-06-29T23:21:09","guid":{"rendered":"http:\/\/ciudadtrujillo.com\/?p=29098"},"modified":"2023-06-29T19:21:09","modified_gmt":"2023-06-29T23:21:09","slug":"gobierno-regional-coloca-300-toneladas-de-asfalto-en-urbanismo-brisas-de-la-paz","status":"publish","type":"post","link":"https:\/\/ciudadtrujillo.com\/?p=29098","title":{"rendered":"Gobierno regional coloca 300 toneladas de asfalto en urbanismo Brisas de La Paz"},"content":{"rendered":"<p>En cumplimiento a la palabra empe\u00f1ada del gobernador Gerardo M\u00e1rquez, la fuerza laboral de la Empresa de Asfalto del estado Trujillo (Emastru) culmin\u00f3 los trabajos de pavimentaci\u00f3n vial en la entrada al urbanismo Brisas de La Paz, del municipio Pamp\u00e1n, con la colocaci\u00f3n de 300 toneladas de mezcla asf\u00e1ltica.<\/p>\n<p>Dichos trabajos iniciaron el pasado martes 27 de junio, dando orden cumplida a las orientaciones del mandatario regional. Las labores comenzaron con la conformaci\u00f3n del tramo vial.<\/p>\n<p>En las labores se dispuso de maquinaria tipo retroexcavadora, as\u00ed como la utilizaci\u00f3n de finisher y vibro compactador, adem\u00e1s del despliegue de los trabajadores de la empresa.<\/p>\n<p>&nbsp;<\/p>\n<p>&nbsp;<\/p>\n<h6>Yelimar Hidalgo\/Gr\u00e1ficas: cortes\u00eda<\/h6>\n","protected":false},"excerpt":{"rendered":"<p>En cumplimiento a la palabra empe\u00f1ada del gobernador Gerardo M\u00e1rquez, la fuerza laboral de la Empresa de Asfalto del estado Trujillo (Emastru) culmin\u00f3 los trabajos de pavimentaci\u00f3n vial en la&hellip; <\/p>\n","protected":false},"author":7,"featured_media":29099,"comment_status":"closed","ping_status":"closed","sticky":false,"template":"","format":"standard","meta":{"footnotes":""},"categories":[40],"tags":[],"class_list":["post-29098","post","type-post","status-publish","format-standard","has-post-thumbnail","hentry","category-grantrujillo"],"_links":{"self":[{"href":"https:\/\/ciudadtrujillo.com\/index.php?rest_route=\/wp\/v2\/posts\/29098","targetHints":{"allow":["GET"]}}],"collection":[{"href":"https:\/\/ciudadtrujillo.com\/index.php?rest_route=\/wp\/v2\/posts"}],"about":[{"href":"https:\/\/ciudadtrujillo.com\/index.php?rest_route=\/wp\/v2\/types\/post"}],"author":[{"embeddable":true,"href":"https:\/\/ciudadtrujillo.com\/index.php?rest_route=\/wp\/v2\/users\/7"}],"replies":[{"embeddable":true,"href":"https:\/\/ciudadtrujillo.com\/index.php?rest_route=%2Fwp%2Fv2%2Fcomments&post=29098"}],"version-history":[{"count":1,"href":"https:\/\/ciudadtrujillo.com\/index.php?rest_route=\/wp\/v2\/posts\/29098\/revisions"}],"predecessor-version":[{"id":29100,"href":"https:\/\/ciudadtrujillo.com\/index.php?rest_route=\/wp\/v2\/posts\/29098\/revisions\/29100"}],"wp:featuredmedia":[{"embeddable":true,"href":"https:\/\/ciudadtrujillo.com\/index.php?rest_route=\/wp\/v2\/media\/29099"}],"wp:attachment":[{"href":"https:\/\/ciudadtrujillo.com\/index.php?rest_route=%2Fwp%2Fv2%2Fmedia&parent=29098"}],"wp:term":[{"taxonomy":"category","embeddable":true,"href":"https:\/\/ciudadtrujillo.com\/index.php?rest_route=%2Fwp%2Fv2%2Fcategories&post=29098"},{"taxonomy":"post_tag","embeddable":true,"href":"https:\/\/ciudadtrujillo.com\/index.php?rest_route=%2Fwp%2Fv2%2Ftags&post=29098"}],"curies":[{"name":"wp","href":"https:\/\/api.w.org\/{rel}","templated":true}]}}