{"id":29056,"date":"2023-06-28T19:59:37","date_gmt":"2023-06-28T23:59:37","guid":{"rendered":"http:\/\/ciudadtrujillo.com\/?p=29056"},"modified":"2023-06-28T19:59:37","modified_gmt":"2023-06-28T23:59:37","slug":"con-espiritu-patrio-gobernador-gerardo-marquez-entrega-en-lara-espada-del-libertador","status":"publish","type":"post","link":"https:\/\/ciudadtrujillo.com\/?p=29056","title":{"rendered":"Con esp\u00edritu patrio gobernador Gerardo M\u00e1rquez entrega en Lara espada del Libertador"},"content":{"rendered":"<p style=\"text-align: justify;\">Con una puesta en escena de la Campa\u00f1a Admirable y en un acto con autoridades civiles, militares y el pueblo en pleno, el gobernador Gerardo M\u00e1rquez hizo entrega de la espada del Libertador Sim\u00f3n Bol\u00edvar a su hom\u00f3logo del estado Lara, Adolfo Pereira.<\/p>\n<p style=\"text-align: justify;\">En este sentido, a trav\u00e9s de su cuenta en la red social Instagram @gerardomarquez4fpsuv, el mandatario regional expres\u00f3: \u201cLego de recorrer diferentes municipios trujillanos, hicimos entrega en la plaza Bol\u00edvar de Barquisimeto al gobernador del estado Lara, la espada del Padre de la Patria, s\u00edmbolo cargado de tanta historia, de independencia y libertad\u201d.<\/p>\n<p style=\"text-align: justify;\">Por su parte, Pereira, en su cuenta @adolfopereiragobernador, public\u00f3: \u201cLa espada del Padre de la Patria re\u00fane importantes caracter\u00edsticas hist\u00f3ricas de grandes batallas de la Campa\u00f1a Admirable\u201d.<\/p>\n<p style=\"text-align: justify;\">Cabe destacar que la espada del Libertador recorrer\u00e1 diferentes municipios del estado Lara para exaltar la historia y soberan\u00eda de la Patria.<\/p>\n<p style=\"text-align: justify;\">\n<p>&nbsp;<\/p>\n<p>&nbsp;<\/p>\n<h6>Yarlenis Albarr\u00e1n\/Gr\u00e1fica: Cortes\u00eda<\/h6>\n","protected":false},"excerpt":{"rendered":"<p>Con una puesta en escena de la Campa\u00f1a Admirable y en un acto con autoridades civiles, militares y el pueblo en pleno, el gobernador Gerardo M\u00e1rquez hizo entrega de la&hellip; <\/p>\n","protected":false},"author":7,"featured_media":0,"comment_status":"closed","ping_status":"closed","sticky":false,"template":"","format":"standard","meta":{"footnotes":""},"categories":[52,40],"tags":[],"class_list":["post-29056","post","type-post","status-publish","format-standard","hentry","category-destacadas","category-grantrujillo"],"_links":{"self":[{"href":"https:\/\/ciudadtrujillo.com\/index.php?rest_route=\/wp\/v2\/posts\/29056","targetHints":{"allow":["GET"]}}],"collection":[{"href":"https:\/\/ciudadtrujillo.com\/index.php?rest_route=\/wp\/v2\/posts"}],"about":[{"href":"https:\/\/ciudadtrujillo.com\/index.php?rest_route=\/wp\/v2\/types\/post"}],"author":[{"embeddable":true,"href":"https:\/\/ciudadtrujillo.com\/index.php?rest_route=\/wp\/v2\/users\/7"}],"replies":[{"embeddable":true,"href":"https:\/\/ciudadtrujillo.com\/index.php?rest_route=%2Fwp%2Fv2%2Fcomments&post=29056"}],"version-history":[{"count":1,"href":"https:\/\/ciudadtrujillo.com\/index.php?rest_route=\/wp\/v2\/posts\/29056\/revisions"}],"predecessor-version":[{"id":29058,"href":"https:\/\/ciudadtrujillo.com\/index.php?rest_route=\/wp\/v2\/posts\/29056\/revisions\/29058"}],"wp:attachment":[{"href":"https:\/\/ciudadtrujillo.com\/index.php?rest_route=%2Fwp%2Fv2%2Fmedia&parent=29056"}],"wp:term":[{"taxonomy":"category","embeddable":true,"href":"https:\/\/ciudadtrujillo.com\/index.php?rest_route=%2Fwp%2Fv2%2Fcategories&post=29056"},{"taxonomy":"post_tag","embeddable":true,"href":"https:\/\/ciudadtrujillo.com\/index.php?rest_route=%2Fwp%2Fv2%2Ftags&post=29056"}],"curies":[{"name":"wp","href":"https:\/\/api.w.org\/{rel}","templated":true}]}}