{"id":29053,"date":"2023-06-28T19:36:48","date_gmt":"2023-06-28T23:36:48","guid":{"rendered":"http:\/\/ciudadtrujillo.com\/?p=29053"},"modified":"2023-06-28T19:36:48","modified_gmt":"2023-06-28T23:36:48","slug":"venezuela-e-italia-trabajan-en-agenda-comun-para-elevar-cooperacion","status":"publish","type":"post","link":"https:\/\/ciudadtrujillo.com\/?p=29053","title":{"rendered":"Venezuela e Italia trabajan en agenda com\u00fan para elevar cooperaci\u00f3n"},"content":{"rendered":"<p style=\"text-align: justify;\">Venezuela e Italia avanzan en la agenda de trabajo com\u00fan con el firme prop\u00f3sito de fortalecer las relaciones estrat\u00e9gicas de cooperaci\u00f3n entre ambas naciones para contribuir al desarrollo y progreso de los pueblos.<\/p>\n<p style=\"text-align: justify;\">La informaci\u00f3n la dio a conocer el canciller de la Rep\u00fablica, Yv\u00e1n Gil, a trav\u00e9s de su cuenta en la red social Twitter, en la que precis\u00f3 que este martes sostuvo un encuentro con el Encargado de Negocios de la Rep\u00fablica Italiana en Venezuela, Pl\u00e1cido Vigo, con quien revis\u00f3 la agenda establecida entre ambos pa\u00edses.<\/p>\n<p style=\"text-align: justify;\">El encuentro entre ambos funcionarios de Venezuela e Italia se da bajo los \u201cpuentes de cooperaci\u00f3n mediante la Diplomacia de Paz\u201d.<\/p>\n<p style=\"text-align: justify;\">\u201cGrato encuentro con el Encargado de Negocios de la Rep\u00fablica Italiana en Venezuela, Pl\u00e1cido Vigo, para seguir avanzando en la agenda de trabajo com\u00fan y fortalecer las relaciones entre Roma y Caracas. Seguimos construyendo puentes de cooperaci\u00f3n mediante la Diplomacia de Paz\u201d, dijo el canciller Gil en Twitter.<\/p>\n<p style=\"text-align: justify;\">Para el canciller Gil este tipo de encuentros buscan darle seguimiento y avanzar \u201cen la agenda de trabajo com\u00fan y fortalecer las relaciones entre Roma y Caracas\u201d.<\/p>\n<p style=\"text-align: justify;\">El Gobierno nacional mantiene firme la Diplomacia de Paz que busca tender puentes y estrechar relaciones con pa\u00edses del mundo, con el objetivo de intercambiar visiones y acciones que permitan el beneficio de los pueblos y tratar de progresar a pesar de las medidas coercitivas unilaterales impuestas por Estados Unidos a pa\u00edses soberanos como Venezuela.<\/p>\n<h3 style=\"text-align: justify;\">Relaciones Venezuela-Italia<\/h3>\n<p style=\"text-align: justify;\">Las relaciones entre Venezuela e Italia comenzaron el 17 de marzo de 1856, con la instituci\u00f3n en N\u00e1poles de un Consulado venezolano; sin embargo, no fue sino hasta la llegada del Comandante Hugo Ch\u00e1vez en 1999 cuando el relacionamiento se fortaleci\u00f3 con la firma del Acuerdo Marco de Cooperaci\u00f3n Econ\u00f3mica, Industrial, de Infraestructura y para el Desarrollo, en 2001, indica una nota de prensa de la Canciller\u00eda.<\/p>\n<p style=\"text-align: justify;\">Hasta los momentos, ambos pa\u00edses han firmado varios acuerdos de cooperaci\u00f3n en \u00e1reas como ciencia, tecnolog\u00eda, as\u00ed como un acuerdo sobre la promoci\u00f3n y protecci\u00f3n de inversiones y un acuerdo para evitar la doble imposici\u00f3n y la evasi\u00f3n fiscal.<\/p>\n<p style=\"text-align: justify;\">Cabe destacar que el pasado mes de abril de este 2023, el canciller de la Rep\u00fablica, Yv\u00e1n Gil, y el Encargado de Negocios de Italia en Venezuela, Pl\u00e1cido Vigo, sostuvieron un encuentro, como parte de la Diplomacia de Paz, para compartir visiones sobre el panorama global y revisar la agenda de trabajo com\u00fan para avanzar en la coordinaci\u00f3n de acciones.<\/p>\n<p>&nbsp;<\/p>\n<p>&nbsp;<\/p>\n<h6>\u00daltimas Noticias\/Gr\u00e1ficas: Cortes\u00eda<\/h6>\n","protected":false},"excerpt":{"rendered":"<p>Venezuela e Italia avanzan en la agenda de trabajo com\u00fan con el firme prop\u00f3sito de fortalecer las relaciones estrat\u00e9gicas de cooperaci\u00f3n entre ambas naciones para contribuir al desarrollo y progreso&hellip; <\/p>\n","protected":false},"author":7,"featured_media":29054,"comment_status":"closed","ping_status":"closed","sticky":false,"template":"","format":"standard","meta":{"footnotes":""},"categories":[41],"tags":[],"class_list":["post-29053","post","type-post","status-publish","format-standard","has-post-thumbnail","hentry","category-pais"],"_links":{"self":[{"href":"https:\/\/ciudadtrujillo.com\/index.php?rest_route=\/wp\/v2\/posts\/29053","targetHints":{"allow":["GET"]}}],"collection":[{"href":"https:\/\/ciudadtrujillo.com\/index.php?rest_route=\/wp\/v2\/posts"}],"about":[{"href":"https:\/\/ciudadtrujillo.com\/index.php?rest_route=\/wp\/v2\/types\/post"}],"author":[{"embeddable":true,"href":"https:\/\/ciudadtrujillo.com\/index.php?rest_route=\/wp\/v2\/users\/7"}],"replies":[{"embeddable":true,"href":"https:\/\/ciudadtrujillo.com\/index.php?rest_route=%2Fwp%2Fv2%2Fcomments&post=29053"}],"version-history":[{"count":1,"href":"https:\/\/ciudadtrujillo.com\/index.php?rest_route=\/wp\/v2\/posts\/29053\/revisions"}],"predecessor-version":[{"id":29055,"href":"https:\/\/ciudadtrujillo.com\/index.php?rest_route=\/wp\/v2\/posts\/29053\/revisions\/29055"}],"wp:featuredmedia":[{"embeddable":true,"href":"https:\/\/ciudadtrujillo.com\/index.php?rest_route=\/wp\/v2\/media\/29054"}],"wp:attachment":[{"href":"https:\/\/ciudadtrujillo.com\/index.php?rest_route=%2Fwp%2Fv2%2Fmedia&parent=29053"}],"wp:term":[{"taxonomy":"category","embeddable":true,"href":"https:\/\/ciudadtrujillo.com\/index.php?rest_route=%2Fwp%2Fv2%2Fcategories&post=29053"},{"taxonomy":"post_tag","embeddable":true,"href":"https:\/\/ciudadtrujillo.com\/index.php?rest_route=%2Fwp%2Fv2%2Ftags&post=29053"}],"curies":[{"name":"wp","href":"https:\/\/api.w.org\/{rel}","templated":true}]}}