{"id":29050,"date":"2023-06-28T19:30:42","date_gmt":"2023-06-28T23:30:42","guid":{"rendered":"http:\/\/ciudadtrujillo.com\/?p=29050"},"modified":"2023-06-28T19:30:42","modified_gmt":"2023-06-28T23:30:42","slug":"mexico-entrega-presidencia-de-la-alianza-del-pacifico-a-chile","status":"publish","type":"post","link":"https:\/\/ciudadtrujillo.com\/?p=29050","title":{"rendered":"M\u00e9xico entrega presidencia de la Alianza del Pac\u00edfico a Chile"},"content":{"rendered":"<p style=\"text-align: justify;\">La Alianza del Pac\u00edfico (AP), bloque de integraci\u00f3n que conforman Colombia, M\u00e9xico, Per\u00fa y Chile, dio a conocer que a partir de mi\u00e9rcoles esta \u00faltima naci\u00f3n ejercer\u00e1 la presidencia pro tempore del bloque regional.<\/p>\n<p style=\"text-align: justify;\">La decisi\u00f3n se dio a conocer a trav\u00e9s de un comunicado, emitido a continuaci\u00f3n de un encuentro celebrado en Santiago (capital chilena) por representantes de esas naciones.<\/p>\n<p style=\"text-align: justify;\">La transferencia del mandato de la AP se posterg\u00f3 por varios meses, pues el presidente mexicano Andr\u00e9s Manuel L\u00f3pez Obrador se neg\u00f3 a entregarlo a la presidenta designada de Per\u00fa, Dina Boluarte, por considerar que su Gobierno es ileg\u00edtimo, gesto que respald\u00f3 al presidente electo por voto popular, Pedro Castillo, quien fue destituido el 7 de diciembre pasado y luego encarcelado.<\/p>\n<p style=\"text-align: justify;\">El ministro de Relaciones Exteriores de Chile, Alberto van Klaveren, declar\u00f3 a la prensa que Per\u00fa asumir\u00e1 la presidencia pro tempore de la AP a partir del 1 de agosto de 2023.<\/p>\n<p style=\"text-align: justify;\">Adem\u00e1s de Van Klaveren, en el encuentro de este mi\u00e9rcoles participaron la embajadora de M\u00e9xico en Chile, Alicia B\u00e1rcena -propuesta para ser la nueva Secretaria de Relaciones Exteriores-, as\u00ed como los encargado de negocios de Per\u00fa en Chile, Renzo Villa Prado, y de Colombia en Chile, Ren\u00e9 Correa Rodr\u00edguez.<\/p>\n<p style=\"text-align: justify;\">En el comunicado que suscribieron se afirma que \u201clas autoridades de Chile, Colombia, M\u00e9xico y Per\u00fa reafirmaron su compromiso con la Alianza del Pac\u00edfico como un mecanismo de articulaci\u00f3n pol\u00edtica, integraci\u00f3n econ\u00f3mica y comercial, de cooperaci\u00f3n y proyecci\u00f3n al mundo\u201d.<\/p>\n<p style=\"text-align: justify;\">Los cuatro pa\u00edses sostuvieron, adem\u00e1s, que buscan \u201cavanzar progresivamente hacia la libre circulaci\u00f3n de bienes, servicios, capitales y personas, con miras a impulsar el crecimiento y la competitividad de las econom\u00edas, en beneficio de sus habitantes\u201d.<\/p>\n<p style=\"text-align: justify;\">\n<p>&nbsp;<\/p>\n<p>&nbsp;<\/p>\n<h6>Telesur\/Gr\u00e1ficas: Cortes\u00eda<\/h6>\n","protected":false},"excerpt":{"rendered":"<p>La Alianza del Pac\u00edfico (AP), bloque de integraci\u00f3n que conforman Colombia, M\u00e9xico, Per\u00fa y Chile, dio a conocer que a partir de mi\u00e9rcoles esta \u00faltima naci\u00f3n ejercer\u00e1 la presidencia pro&hellip; <\/p>\n","protected":false},"author":7,"featured_media":29051,"comment_status":"closed","ping_status":"closed","sticky":false,"template":"","format":"standard","meta":{"footnotes":""},"categories":[42],"tags":[],"class_list":["post-29050","post","type-post","status-publish","format-standard","has-post-thumbnail","hentry","category-mundo"],"_links":{"self":[{"href":"https:\/\/ciudadtrujillo.com\/index.php?rest_route=\/wp\/v2\/posts\/29050","targetHints":{"allow":["GET"]}}],"collection":[{"href":"https:\/\/ciudadtrujillo.com\/index.php?rest_route=\/wp\/v2\/posts"}],"about":[{"href":"https:\/\/ciudadtrujillo.com\/index.php?rest_route=\/wp\/v2\/types\/post"}],"author":[{"embeddable":true,"href":"https:\/\/ciudadtrujillo.com\/index.php?rest_route=\/wp\/v2\/users\/7"}],"replies":[{"embeddable":true,"href":"https:\/\/ciudadtrujillo.com\/index.php?rest_route=%2Fwp%2Fv2%2Fcomments&post=29050"}],"version-history":[{"count":1,"href":"https:\/\/ciudadtrujillo.com\/index.php?rest_route=\/wp\/v2\/posts\/29050\/revisions"}],"predecessor-version":[{"id":29052,"href":"https:\/\/ciudadtrujillo.com\/index.php?rest_route=\/wp\/v2\/posts\/29050\/revisions\/29052"}],"wp:featuredmedia":[{"embeddable":true,"href":"https:\/\/ciudadtrujillo.com\/index.php?rest_route=\/wp\/v2\/media\/29051"}],"wp:attachment":[{"href":"https:\/\/ciudadtrujillo.com\/index.php?rest_route=%2Fwp%2Fv2%2Fmedia&parent=29050"}],"wp:term":[{"taxonomy":"category","embeddable":true,"href":"https:\/\/ciudadtrujillo.com\/index.php?rest_route=%2Fwp%2Fv2%2Fcategories&post=29050"},{"taxonomy":"post_tag","embeddable":true,"href":"https:\/\/ciudadtrujillo.com\/index.php?rest_route=%2Fwp%2Fv2%2Ftags&post=29050"}],"curies":[{"name":"wp","href":"https:\/\/api.w.org\/{rel}","templated":true}]}}