{"id":29023,"date":"2023-06-28T07:31:48","date_gmt":"2023-06-28T11:31:48","guid":{"rendered":"http:\/\/ciudadtrujillo.com\/?p=29023"},"modified":"2023-06-28T07:31:48","modified_gmt":"2023-06-28T11:31:48","slug":"trujillo-tiene-cuatro-postulaciones-admitidas-al-premio-nacional-de-turismo","status":"publish","type":"post","link":"https:\/\/ciudadtrujillo.com\/?p=29023","title":{"rendered":"Trujillo tiene cuatro postulaciones admitidas al Premio Nacional de Turismo"},"content":{"rendered":"<p style=\"text-align: justify;\">El estado Trujillo obtuvo cuatro postulaciones admitidas para la II Edici\u00f3n del Premio Nacional de Turismo, evento dedicado a los Prestadores de Servicios Tur\u00edsticos.<\/p>\n<p style=\"text-align: justify;\">En este sentido, el ministro del Poder Popular de Turismo Al\u00ed Padr\u00f3n inform\u00f3 que recibieron un total de 956 Postulaciones de Servicio Tur\u00edstico (PST), personas naturales, jur\u00eddicas, comunidades organizadas y actores del sector tur\u00edstico.<\/p>\n<p style=\"text-align: justify;\">Asimismo, Padr\u00f3n a trav\u00e9s de sus redes sociales se\u00f1al\u00f3 un incremento del 201% de postulaciones en comparaci\u00f3n con la edici\u00f3n pasada.<\/p>\n<h3 style=\"text-align: justify;\">Menciones admitidas<\/h3>\n<p style=\"text-align: justify;\">En Calidad de Servicio categor\u00eda Alojamiento \u2013 Estancia los prestadores de servicio tur\u00edstico admitidos fueron: La Caneca Tur\u00edstica Hotel Boutique en el municipio Trujillo (capital), Los Molinos de Amadeos ubicado en el municipio Valera.<br \/>\nEn la menci\u00f3n Innovaci\u00f3n Tur\u00edstica, categor\u00eda Iniciativa en Turismo Deportivo fue admitido: Club Andestrekk<\/p>\n<p style=\"text-align: justify;\">En la menci\u00f3n promotor tur\u00edstico categor\u00eda Gu\u00edas: Baldemar Enrique P\u00e9rez Linares.<\/p>\n<p style=\"text-align: justify;\">Los nominados a cada categor\u00eda se conocer\u00e1n el pr\u00f3ximo 31 de julio y la entrega del Premio Nacional de Turismo ser\u00e1 el d\u00eda 27 de septiembre, d\u00eda mundial del turismo.<\/p>\n<p style=\"text-align: justify;\">\n<p>&nbsp;<\/p>\n<p>&nbsp;<\/p>\n<h6>Prensa CTT\/Gr\u00e1ficas: Cortes\u00eda<\/h6>\n","protected":false},"excerpt":{"rendered":"<p>El estado Trujillo obtuvo cuatro postulaciones admitidas para la II Edici\u00f3n del Premio Nacional de Turismo, evento dedicado a los Prestadores de Servicios Tur\u00edsticos. En este sentido, el ministro del&hellip; <\/p>\n","protected":false},"author":7,"featured_media":29012,"comment_status":"closed","ping_status":"closed","sticky":false,"template":"","format":"standard","meta":{"footnotes":""},"categories":[40],"tags":[],"class_list":["post-29023","post","type-post","status-publish","format-standard","has-post-thumbnail","hentry","category-grantrujillo"],"_links":{"self":[{"href":"https:\/\/ciudadtrujillo.com\/index.php?rest_route=\/wp\/v2\/posts\/29023","targetHints":{"allow":["GET"]}}],"collection":[{"href":"https:\/\/ciudadtrujillo.com\/index.php?rest_route=\/wp\/v2\/posts"}],"about":[{"href":"https:\/\/ciudadtrujillo.com\/index.php?rest_route=\/wp\/v2\/types\/post"}],"author":[{"embeddable":true,"href":"https:\/\/ciudadtrujillo.com\/index.php?rest_route=\/wp\/v2\/users\/7"}],"replies":[{"embeddable":true,"href":"https:\/\/ciudadtrujillo.com\/index.php?rest_route=%2Fwp%2Fv2%2Fcomments&post=29023"}],"version-history":[{"count":1,"href":"https:\/\/ciudadtrujillo.com\/index.php?rest_route=\/wp\/v2\/posts\/29023\/revisions"}],"predecessor-version":[{"id":29024,"href":"https:\/\/ciudadtrujillo.com\/index.php?rest_route=\/wp\/v2\/posts\/29023\/revisions\/29024"}],"wp:featuredmedia":[{"embeddable":true,"href":"https:\/\/ciudadtrujillo.com\/index.php?rest_route=\/wp\/v2\/media\/29012"}],"wp:attachment":[{"href":"https:\/\/ciudadtrujillo.com\/index.php?rest_route=%2Fwp%2Fv2%2Fmedia&parent=29023"}],"wp:term":[{"taxonomy":"category","embeddable":true,"href":"https:\/\/ciudadtrujillo.com\/index.php?rest_route=%2Fwp%2Fv2%2Fcategories&post=29023"},{"taxonomy":"post_tag","embeddable":true,"href":"https:\/\/ciudadtrujillo.com\/index.php?rest_route=%2Fwp%2Fv2%2Ftags&post=29023"}],"curies":[{"name":"wp","href":"https:\/\/api.w.org\/{rel}","templated":true}]}}