{"id":28958,"date":"2023-06-26T05:28:00","date_gmt":"2023-06-26T09:28:00","guid":{"rendered":"http:\/\/ciudadtrujillo.com\/?p=28958"},"modified":"2023-06-26T05:28:00","modified_gmt":"2023-06-26T09:28:00","slug":"fundacion-regional-el-nino-simon-se-desbordo-en-alegria-con-juegos-de-intercasas","status":"publish","type":"post","link":"https:\/\/ciudadtrujillo.com\/?p=28958","title":{"rendered":"Fundaci\u00f3n Regional \u00abEl Ni\u00f1o Sim\u00f3n\u00bb se desbord\u00f3 en alegr\u00eda con Juegos de Intercasas"},"content":{"rendered":"<p style=\"text-align: justify;\">En el Parque Rom\u00e1n Valecillos fue el lugar de inauguraci\u00f3n de los Juegos de Intercasas 2023 de la Fundaci\u00f3n Regional \u00abEl Ni\u00f1o Sim\u00f3n\u00bb Trujillo (Frnstru) en el que se presentaron los equipos deportivos de las 8 casas con sus respectivas madrinas.<\/p>\n<p style=\"text-align: justify;\">Con un desfile acompa\u00f1ado por la banda show de la Escuela Nacional Bolivariana \u00abEstado Carabobo\u00bb dieron inicio al intercambio deportivo en el que participaron 200 ni\u00f1os de los municipios Valera, Trujillo (capital) y Pamp\u00e1n en las disciplinas de f\u00fatbol, ajedrez y kickingball.<\/p>\n<p style=\"text-align: justify;\">La presidenta de la Frnstru y primera combatiente del estado, Reyna P\u00e9rez de M\u00e1rquez, expres\u00f3 sentirse orgullosa de representar las casas escolares, adem\u00e1s agradeci\u00f3 el apoyo de las instituciones regionales como el Cuerpo de Bomberos del estado Trujillo, el Instituto de Alimentaci\u00f3n y Nutrici\u00f3n de la entidad (Ianet), el Instituto del Deporte del estado (Indet) y otros.<\/p>\n<p style=\"text-align: justify;\">\u00abDesde la fundaci\u00f3n estamos atentos para llevar alegr\u00eda a nuestro ni\u00f1os a trav\u00e9s de actividades recreativas como danza, m\u00fasica, teatro y otros eventos que favorecen a nuestros ni\u00f1os\u00bb, agreg\u00f3.<\/p>\n<p style=\"text-align: justify;\">Tambi\u00e9n inform\u00f3 que junto al gobernador Gerardo M\u00e1rquez entregaron un kit deportivo a cada casa que particip\u00f3 de los juegos.<\/p>\n<p style=\"text-align: justify;\">Finalmente, dijo que contin\u00faa la recuperaci\u00f3n del Parque Rom\u00e1n Valecillos para que los ni\u00f1os y j\u00f3venes puedan desarrollar sus actividades recreativas.<\/p>\n<p>&nbsp;<\/p>\n<p>&nbsp;<\/p>\n<h6>Rossiel Hurtado\/Gr\u00e1ficas: David V\u00e1squez<\/h6>\n","protected":false},"excerpt":{"rendered":"<p>En el Parque Rom\u00e1n Valecillos fue el lugar de inauguraci\u00f3n de los Juegos de Intercasas 2023 de la Fundaci\u00f3n Regional \u00abEl Ni\u00f1o Sim\u00f3n\u00bb Trujillo (Frnstru) en el que se presentaron&hellip; <\/p>\n","protected":false},"author":7,"featured_media":28959,"comment_status":"closed","ping_status":"closed","sticky":false,"template":"","format":"standard","meta":{"footnotes":""},"categories":[40],"tags":[],"class_list":["post-28958","post","type-post","status-publish","format-standard","has-post-thumbnail","hentry","category-grantrujillo"],"_links":{"self":[{"href":"https:\/\/ciudadtrujillo.com\/index.php?rest_route=\/wp\/v2\/posts\/28958","targetHints":{"allow":["GET"]}}],"collection":[{"href":"https:\/\/ciudadtrujillo.com\/index.php?rest_route=\/wp\/v2\/posts"}],"about":[{"href":"https:\/\/ciudadtrujillo.com\/index.php?rest_route=\/wp\/v2\/types\/post"}],"author":[{"embeddable":true,"href":"https:\/\/ciudadtrujillo.com\/index.php?rest_route=\/wp\/v2\/users\/7"}],"replies":[{"embeddable":true,"href":"https:\/\/ciudadtrujillo.com\/index.php?rest_route=%2Fwp%2Fv2%2Fcomments&post=28958"}],"version-history":[{"count":1,"href":"https:\/\/ciudadtrujillo.com\/index.php?rest_route=\/wp\/v2\/posts\/28958\/revisions"}],"predecessor-version":[{"id":28960,"href":"https:\/\/ciudadtrujillo.com\/index.php?rest_route=\/wp\/v2\/posts\/28958\/revisions\/28960"}],"wp:featuredmedia":[{"embeddable":true,"href":"https:\/\/ciudadtrujillo.com\/index.php?rest_route=\/wp\/v2\/media\/28959"}],"wp:attachment":[{"href":"https:\/\/ciudadtrujillo.com\/index.php?rest_route=%2Fwp%2Fv2%2Fmedia&parent=28958"}],"wp:term":[{"taxonomy":"category","embeddable":true,"href":"https:\/\/ciudadtrujillo.com\/index.php?rest_route=%2Fwp%2Fv2%2Fcategories&post=28958"},{"taxonomy":"post_tag","embeddable":true,"href":"https:\/\/ciudadtrujillo.com\/index.php?rest_route=%2Fwp%2Fv2%2Ftags&post=28958"}],"curies":[{"name":"wp","href":"https:\/\/api.w.org\/{rel}","templated":true}]}}