{"id":28816,"date":"2023-06-19T21:26:28","date_gmt":"2023-06-20T01:26:28","guid":{"rendered":"http:\/\/ciudadtrujillo.com\/?p=28816"},"modified":"2023-06-19T21:26:28","modified_gmt":"2023-06-20T01:26:28","slug":"gobierno-bolivariano-inicia-plan-de-intervencion-integral-a-la-autopista-general-cruz-carrillo","status":"publish","type":"post","link":"https:\/\/ciudadtrujillo.com\/?p=28816","title":{"rendered":"Gobierno Bolivariano inicia Plan de Intervenci\u00f3n Integral a la Autopista General Cruz Carrillo"},"content":{"rendered":"<p style=\"text-align: justify;\">Este lunes arranc\u00f3 el Plan Especial de Intervenci\u00f3n y Embellecimiento a la Autopista Cruz Carrillo (Eje Vial), cuyas acciones ser\u00e1n desarrolladas a trav\u00e9s de la articulaci\u00f3n entre el Ministerio de Obras P\u00fablicas, Comando de Zona de la Guardia Nacional Bolivariana Nro. 23, Gobernaci\u00f3n de Trujillo, alcald\u00edas y Poder Popular Organizado para lograr la recuperaci\u00f3n integral de 43 kil\u00f3metros (21,5 km en cada sentido) de esta importante v\u00eda.<\/p>\n<p style=\"text-align: justify;\">El gobernador Gerardo M\u00e1rquez inform\u00f3 que el plan abarca seis v\u00e9rtices relacionados con saneamiento ambiental integral, ornato y paisajismo, infraestructura, embellecimiento, demarcaci\u00f3n y se\u00f1alizaci\u00f3n, as\u00ed como atenci\u00f3n a servicios p\u00fablicos.<\/p>\n<p style=\"text-align: justify;\">\u201cAbordamos esta importante autopista que conecta al municipio Trujillo con la ciudad de Valera, una obra muy completa que contemplar\u00e1 labores de asfaltado, demarcaci\u00f3n, recuperaci\u00f3n de todos los servicios, desmalezamiento, colocaci\u00f3n de tachas y se\u00f1alizaci\u00f3n. Es un plan para cumplirse en 68 d\u00edas como primera fase\u201d, indic\u00f3.<\/p>\n<p style=\"text-align: justify;\">M\u00e1rquez enfatiz\u00f3 que la autopista ser\u00e1 abordada en seis tramos: #1 Santa Cruz \u2013 Turagual, #2 Turagual \u2013 Coco Fr\u00edo, #3 Coco Fr\u00edo \u2013 Jim\u00e9nez, #4 Jim\u00e9nez \u2013 Los R\u00edos, #5 Los R\u00edos \u2013 La Concepci\u00f3n, #6 La Concepci\u00f3n \u2013 El Prado. \u201cAgradecemos al Presidente Nicol\u00e1s Maduro, ministro Ra\u00fal Paredes y a todas las instituciones gubernamentales de car\u00e1cter nacional y regional con las cuatro alcald\u00edas de Trujillo, Valera, Pampanito y San Rafael de Carvajal que aqu\u00ed se incorporan\u201d, expres\u00f3.<\/p>\n<p style=\"text-align: justify;\">Asegur\u00f3 que en la segunda fase se intervendr\u00e1 desde el distribuidor La Concepci\u00f3n (Pampanito) hasta la alcabala de la GNB en El Cruce (Pamp\u00e1n). Asimismo, afirm\u00f3 que la recuperaci\u00f3n de la v\u00eda desde El Cruce hasta el peaje La Libertad presenta un 90% de avance.<\/p>\n<p style=\"text-align: justify;\">\n<p>&nbsp;<\/p>\n<p>&nbsp;<\/p>\n<h6>Yelimar Hidalgo\/Gr\u00e1ficas: Fernando Chuecos<\/h6>\n","protected":false},"excerpt":{"rendered":"<p>Este lunes arranc\u00f3 el Plan Especial de Intervenci\u00f3n y Embellecimiento a la Autopista Cruz Carrillo (Eje Vial), cuyas acciones ser\u00e1n desarrolladas a trav\u00e9s de la articulaci\u00f3n entre el Ministerio de&hellip; <\/p>\n","protected":false},"author":7,"featured_media":28818,"comment_status":"closed","ping_status":"closed","sticky":false,"template":"","format":"standard","meta":{"footnotes":""},"categories":[52,40],"tags":[],"class_list":["post-28816","post","type-post","status-publish","format-standard","has-post-thumbnail","hentry","category-destacadas","category-grantrujillo"],"_links":{"self":[{"href":"https:\/\/ciudadtrujillo.com\/index.php?rest_route=\/wp\/v2\/posts\/28816","targetHints":{"allow":["GET"]}}],"collection":[{"href":"https:\/\/ciudadtrujillo.com\/index.php?rest_route=\/wp\/v2\/posts"}],"about":[{"href":"https:\/\/ciudadtrujillo.com\/index.php?rest_route=\/wp\/v2\/types\/post"}],"author":[{"embeddable":true,"href":"https:\/\/ciudadtrujillo.com\/index.php?rest_route=\/wp\/v2\/users\/7"}],"replies":[{"embeddable":true,"href":"https:\/\/ciudadtrujillo.com\/index.php?rest_route=%2Fwp%2Fv2%2Fcomments&post=28816"}],"version-history":[{"count":1,"href":"https:\/\/ciudadtrujillo.com\/index.php?rest_route=\/wp\/v2\/posts\/28816\/revisions"}],"predecessor-version":[{"id":28819,"href":"https:\/\/ciudadtrujillo.com\/index.php?rest_route=\/wp\/v2\/posts\/28816\/revisions\/28819"}],"wp:featuredmedia":[{"embeddable":true,"href":"https:\/\/ciudadtrujillo.com\/index.php?rest_route=\/wp\/v2\/media\/28818"}],"wp:attachment":[{"href":"https:\/\/ciudadtrujillo.com\/index.php?rest_route=%2Fwp%2Fv2%2Fmedia&parent=28816"}],"wp:term":[{"taxonomy":"category","embeddable":true,"href":"https:\/\/ciudadtrujillo.com\/index.php?rest_route=%2Fwp%2Fv2%2Fcategories&post=28816"},{"taxonomy":"post_tag","embeddable":true,"href":"https:\/\/ciudadtrujillo.com\/index.php?rest_route=%2Fwp%2Fv2%2Ftags&post=28816"}],"curies":[{"name":"wp","href":"https:\/\/api.w.org\/{rel}","templated":true}]}}