{"id":28750,"date":"2023-06-15T23:21:11","date_gmt":"2023-06-16T03:21:11","guid":{"rendered":"http:\/\/ciudadtrujillo.com\/?p=28750"},"modified":"2023-06-15T23:21:11","modified_gmt":"2023-06-16T03:21:11","slug":"elevan-a-65-los-muertos-por-alud-en-alausi-ecuador","status":"publish","type":"post","link":"https:\/\/ciudadtrujillo.com\/?p=28750","title":{"rendered":"Elevan a 65 los muertos por alud en Alaus\u00ed, Ecuador"},"content":{"rendered":"<p style=\"text-align: justify;\">La Fiscal\u00eda de Ecuador refiri\u00f3 que el deslave provoc\u00f3 m\u00e1s de 1.000 damnificados.<\/p>\n<p style=\"text-align: justify;\">La Fiscal\u00eda de Ecuador confirm\u00f3 este jueves que se elevan a 65 los muertos en el deslave de Alaus\u00ed, en la provincia de Chimborazo, que ocurri\u00f3 el pasado 26 de marzo de 2023.<\/p>\n<p style=\"text-align: justify;\">\u201cAsciende a 65 el n\u00famero de personas fallecidas en el deslave registrado en Alaus\u00ed. La tarde del 14 de junio se encontraron dos cuerpos m\u00e1s\u201d, se\u00f1al\u00f3 el ente ecuatoriano.<\/p>\n<p style=\"text-align: justify;\">Asimismo, el Ministerio P\u00fablico refiri\u00f3 que dichos cuerpos fueron identificados en esta jornada como Miguel R. y Mar\u00eda J.<\/p>\n<p style=\"text-align: justify;\">En el parte del 12 de junio, la Fiscal\u00eda refiri\u00f3 que al concluir las labores de b\u00fasqueda del d\u00eda anterior, en el lugar del deslizamiento en Alaus\u00ed se levant\u00f3 el cuerpo identificado como \u00c1ngel S.<\/p>\n<p style=\"text-align: justify;\">\u201cEn d\u00edas anteriores se hallaron dos m\u00e1s (Mar\u00eda M. y Ariel L.)\u201d, corrobor\u00f3 la Fiscal\u00eda ecuatoriana. El n\u00famero de fallecidos ascend\u00eda entonces a 63, mientras que el suceso sepult\u00f3 al menos 57 casas de un par de barrios de Alaus\u00ed.<\/p>\n<p style=\"text-align: justify;\">La Fiscal\u00eda de Ecuador refiri\u00f3 que el deslave provoc\u00f3 m\u00e1s de 1.000 damnificados y 581 personas afectadas, mientras que las labores de b\u00fasqueda continuar\u00e1n porque existe la sospecha de que todav\u00eda pueden quedar cuerpos sin ser identificados.<\/p>\n<p>&nbsp;<\/p>\n<p>&nbsp;<\/p>\n<h6>Telesur<\/h6>\n","protected":false},"excerpt":{"rendered":"<p>La Fiscal\u00eda de Ecuador refiri\u00f3 que el deslave provoc\u00f3 m\u00e1s de 1.000 damnificados. La Fiscal\u00eda de Ecuador confirm\u00f3 este jueves que se elevan a 65 los muertos en el deslave&hellip; <\/p>\n","protected":false},"author":7,"featured_media":28751,"comment_status":"closed","ping_status":"closed","sticky":false,"template":"","format":"standard","meta":{"footnotes":""},"categories":[42],"tags":[],"class_list":["post-28750","post","type-post","status-publish","format-standard","has-post-thumbnail","hentry","category-mundo"],"_links":{"self":[{"href":"https:\/\/ciudadtrujillo.com\/index.php?rest_route=\/wp\/v2\/posts\/28750","targetHints":{"allow":["GET"]}}],"collection":[{"href":"https:\/\/ciudadtrujillo.com\/index.php?rest_route=\/wp\/v2\/posts"}],"about":[{"href":"https:\/\/ciudadtrujillo.com\/index.php?rest_route=\/wp\/v2\/types\/post"}],"author":[{"embeddable":true,"href":"https:\/\/ciudadtrujillo.com\/index.php?rest_route=\/wp\/v2\/users\/7"}],"replies":[{"embeddable":true,"href":"https:\/\/ciudadtrujillo.com\/index.php?rest_route=%2Fwp%2Fv2%2Fcomments&post=28750"}],"version-history":[{"count":1,"href":"https:\/\/ciudadtrujillo.com\/index.php?rest_route=\/wp\/v2\/posts\/28750\/revisions"}],"predecessor-version":[{"id":28752,"href":"https:\/\/ciudadtrujillo.com\/index.php?rest_route=\/wp\/v2\/posts\/28750\/revisions\/28752"}],"wp:featuredmedia":[{"embeddable":true,"href":"https:\/\/ciudadtrujillo.com\/index.php?rest_route=\/wp\/v2\/media\/28751"}],"wp:attachment":[{"href":"https:\/\/ciudadtrujillo.com\/index.php?rest_route=%2Fwp%2Fv2%2Fmedia&parent=28750"}],"wp:term":[{"taxonomy":"category","embeddable":true,"href":"https:\/\/ciudadtrujillo.com\/index.php?rest_route=%2Fwp%2Fv2%2Fcategories&post=28750"},{"taxonomy":"post_tag","embeddable":true,"href":"https:\/\/ciudadtrujillo.com\/index.php?rest_route=%2Fwp%2Fv2%2Ftags&post=28750"}],"curies":[{"name":"wp","href":"https:\/\/api.w.org\/{rel}","templated":true}]}}