{"id":28745,"date":"2023-06-15T21:11:36","date_gmt":"2023-06-16T01:11:36","guid":{"rendered":"http:\/\/ciudadtrujillo.com\/?p=28745"},"modified":"2023-06-15T21:11:36","modified_gmt":"2023-06-16T01:11:36","slug":"jefe-de-estado-venezuela-esta-encaminada-a-la-consolidacion-del-desarrollo-nacional","status":"publish","type":"post","link":"https:\/\/ciudadtrujillo.com\/?p=28745","title":{"rendered":"Jefe de Estado: Venezuela est\u00e1 encaminada a la consolidaci\u00f3n del desarrollo nacional"},"content":{"rendered":"<p style=\"text-align: justify;\">\u201cSomos un pueblo de hombres y mujeres que trabajan en funci\u00f3n del desarrollo nacional. Estamos encaminados hacia la consolidaci\u00f3n de la Venezuela potencia\u201d, anunci\u00f3 el jefe de Estado a trav\u00e9s de sus redes sociales a prop\u00f3sito de impulsar las fuerzas productivas del pa\u00eds en pro de la soberan\u00eda alimentaria y el encadenamiento econ\u00f3mico en el territorio nacional.<\/p>\n<p style=\"text-align: justify;\">Recientemente, el mandatario nacional aprob\u00f3 varios puntos de cuenta con recursos para la activaci\u00f3n de los planes que vienen a fortalecer el sector pesquero y de la acuicultura en el pa\u00eds, y con ello, la alimentaci\u00f3n del pueblo venezolano.<\/p>\n<p style=\"text-align: justify;\">Asimismo, resalt\u00f3 que gracias a las grandes alianzas con el sector empresarial del pa\u00eds se \u201cavanza en el fortalecimiento del sector pesquero nacional, por lo que asegur\u00f3 total apoyo a las comunidades pescadoras del pa\u00eds\u201d.<\/p>\n<p style=\"text-align: justify;\">\n<p>&nbsp;<\/p>\n<p>&nbsp;<\/p>\n<h6>\u00a0VTV<\/h6>\n","protected":false},"excerpt":{"rendered":"<p>\u201cSomos un pueblo de hombres y mujeres que trabajan en funci\u00f3n del desarrollo nacional. Estamos encaminados hacia la consolidaci\u00f3n de la Venezuela potencia\u201d, anunci\u00f3 el jefe de Estado a trav\u00e9s&hellip; <\/p>\n","protected":false},"author":7,"featured_media":28746,"comment_status":"closed","ping_status":"closed","sticky":false,"template":"","format":"standard","meta":{"footnotes":""},"categories":[41],"tags":[],"class_list":["post-28745","post","type-post","status-publish","format-standard","has-post-thumbnail","hentry","category-pais"],"_links":{"self":[{"href":"https:\/\/ciudadtrujillo.com\/index.php?rest_route=\/wp\/v2\/posts\/28745","targetHints":{"allow":["GET"]}}],"collection":[{"href":"https:\/\/ciudadtrujillo.com\/index.php?rest_route=\/wp\/v2\/posts"}],"about":[{"href":"https:\/\/ciudadtrujillo.com\/index.php?rest_route=\/wp\/v2\/types\/post"}],"author":[{"embeddable":true,"href":"https:\/\/ciudadtrujillo.com\/index.php?rest_route=\/wp\/v2\/users\/7"}],"replies":[{"embeddable":true,"href":"https:\/\/ciudadtrujillo.com\/index.php?rest_route=%2Fwp%2Fv2%2Fcomments&post=28745"}],"version-history":[{"count":1,"href":"https:\/\/ciudadtrujillo.com\/index.php?rest_route=\/wp\/v2\/posts\/28745\/revisions"}],"predecessor-version":[{"id":28747,"href":"https:\/\/ciudadtrujillo.com\/index.php?rest_route=\/wp\/v2\/posts\/28745\/revisions\/28747"}],"wp:featuredmedia":[{"embeddable":true,"href":"https:\/\/ciudadtrujillo.com\/index.php?rest_route=\/wp\/v2\/media\/28746"}],"wp:attachment":[{"href":"https:\/\/ciudadtrujillo.com\/index.php?rest_route=%2Fwp%2Fv2%2Fmedia&parent=28745"}],"wp:term":[{"taxonomy":"category","embeddable":true,"href":"https:\/\/ciudadtrujillo.com\/index.php?rest_route=%2Fwp%2Fv2%2Fcategories&post=28745"},{"taxonomy":"post_tag","embeddable":true,"href":"https:\/\/ciudadtrujillo.com\/index.php?rest_route=%2Fwp%2Fv2%2Ftags&post=28745"}],"curies":[{"name":"wp","href":"https:\/\/api.w.org\/{rel}","templated":true}]}}