{"id":28742,"date":"2023-06-15T21:09:16","date_gmt":"2023-06-16T01:09:16","guid":{"rendered":"http:\/\/ciudadtrujillo.com\/?p=28742"},"modified":"2023-06-15T21:09:16","modified_gmt":"2023-06-16T01:09:16","slug":"presidente-maduro-expresa-su-orgullo-por-contar-con-mujeres-como-anamaria-font","status":"publish","type":"post","link":"https:\/\/ciudadtrujillo.com\/?p=28742","title":{"rendered":"Presidente Maduro expresa su orgullo por contar con mujeres como Anamar\u00eda Font"},"content":{"rendered":"<p style=\"text-align: justify;\">El presidente de la Rep\u00fablica Bolivariana de Venezuela, Nicol\u00e1s Maduro, expres\u00f3 su orgullo de contar en el pa\u00eds con mujeres como Anamar\u00eda Font, quien fue galardonada en el 25.\u00ba Premio Internacional La Mujer y la Ciencia 2023, que otorga la Organizaci\u00f3n de las Naciones Unidas para la Educaci\u00f3n, la Ciencia y la Cultura (Unesco) y la Fundaci\u00f3n L\u2019Or\u00e9al.<\/p>\n<p style=\"text-align: justify;\">La informaci\u00f3n la dio a conocer el jefe de Estado a trav\u00e9s de un mensaje publicado en sus redes sociales donde expres\u00f3 que, \u201ces un gran orgullo para Venezuela contar con mujeres como Anamar\u00eda Font, quien ha promovido la participaci\u00f3n femenina en la ciencia\u201d.<\/p>\n<p style=\"text-align: justify;\">La f\u00edsica venezolana Anamar\u00eda Font, recibir\u00e1 este 15 de junio el premio, por su colaboraci\u00f3n a la teor\u00eda de part\u00edculas, estudio de agujeros negros y descripci\u00f3n de los primeros instantes tras el big bang.<\/p>\n<p style=\"text-align: justify;\">Font fue elegida por la regi\u00f3n de Am\u00e9rica Latina y el Caribe, por la contribuci\u00f3n a la sociedad, de sus investigaciones en ciencias f\u00edsicas, matem\u00e1ticas e inform\u00e1tica. El premio de la Unesco y Fundaci\u00f3n L\u2019Or\u00e9al, se entrega en Par\u00eds, Francia, y Font lo recibe junto a las cient\u00edficas: Suzana Nunez, Qu\u00edmica, ganadora por \u00c1frica y los Estados \u00c1rabes; Aviv Regev, Bioinform\u00e1tica, ganadora por Am\u00e9rica del Norte; la profesora Lidia Morawska, Ciencias de la Tierra y del Medio Ambiente, ganadora por Asia y el Pac\u00edfico; y Frances Kirwan, Matem\u00e1tica, ganadora por Europa.<\/p>\n<p>&nbsp;<\/p>\n<p>&nbsp;<\/p>\n<h6>VTV<\/h6>\n","protected":false},"excerpt":{"rendered":"<p>El presidente de la Rep\u00fablica Bolivariana de Venezuela, Nicol\u00e1s Maduro, expres\u00f3 su orgullo de contar en el pa\u00eds con mujeres como Anamar\u00eda Font, quien fue galardonada en el 25.\u00ba Premio&hellip; <\/p>\n","protected":false},"author":7,"featured_media":28743,"comment_status":"closed","ping_status":"closed","sticky":false,"template":"","format":"standard","meta":{"footnotes":""},"categories":[46],"tags":[],"class_list":["post-28742","post","type-post","status-publish","format-standard","has-post-thumbnail","hentry","category-cultura"],"_links":{"self":[{"href":"https:\/\/ciudadtrujillo.com\/index.php?rest_route=\/wp\/v2\/posts\/28742","targetHints":{"allow":["GET"]}}],"collection":[{"href":"https:\/\/ciudadtrujillo.com\/index.php?rest_route=\/wp\/v2\/posts"}],"about":[{"href":"https:\/\/ciudadtrujillo.com\/index.php?rest_route=\/wp\/v2\/types\/post"}],"author":[{"embeddable":true,"href":"https:\/\/ciudadtrujillo.com\/index.php?rest_route=\/wp\/v2\/users\/7"}],"replies":[{"embeddable":true,"href":"https:\/\/ciudadtrujillo.com\/index.php?rest_route=%2Fwp%2Fv2%2Fcomments&post=28742"}],"version-history":[{"count":1,"href":"https:\/\/ciudadtrujillo.com\/index.php?rest_route=\/wp\/v2\/posts\/28742\/revisions"}],"predecessor-version":[{"id":28744,"href":"https:\/\/ciudadtrujillo.com\/index.php?rest_route=\/wp\/v2\/posts\/28742\/revisions\/28744"}],"wp:featuredmedia":[{"embeddable":true,"href":"https:\/\/ciudadtrujillo.com\/index.php?rest_route=\/wp\/v2\/media\/28743"}],"wp:attachment":[{"href":"https:\/\/ciudadtrujillo.com\/index.php?rest_route=%2Fwp%2Fv2%2Fmedia&parent=28742"}],"wp:term":[{"taxonomy":"category","embeddable":true,"href":"https:\/\/ciudadtrujillo.com\/index.php?rest_route=%2Fwp%2Fv2%2Fcategories&post=28742"},{"taxonomy":"post_tag","embeddable":true,"href":"https:\/\/ciudadtrujillo.com\/index.php?rest_route=%2Fwp%2Fv2%2Ftags&post=28742"}],"curies":[{"name":"wp","href":"https:\/\/api.w.org\/{rel}","templated":true}]}}