{"id":28739,"date":"2023-06-15T21:06:24","date_gmt":"2023-06-16T01:06:24","guid":{"rendered":"http:\/\/ciudadtrujillo.com\/?p=28739"},"modified":"2023-06-15T21:06:24","modified_gmt":"2023-06-16T01:06:24","slug":"realizado-organo-superior-nacional-de-vivienda-en-trujillo","status":"publish","type":"post","link":"https:\/\/ciudadtrujillo.com\/?p=28739","title":{"rendered":"Realizado \u00d3rgano Superior Nacional de Vivienda en Trujillo"},"content":{"rendered":"<p style=\"text-align: justify;\">Desde el Urbanismo Brisas de La Paz en el municipio Pamp\u00e1n se llev\u00f3 a cabo la reuni\u00f3n n\u00famero 20 del \u00d3rgano Superior Nacional de Vivienda 2023, cuya actividad fue propicia para evaluar el trabajo que en materia de soluciones habitacionales se realiza en el estado, as\u00ed como gestionar acciones y proyectos en beneficio del pueblo.<\/p>\n<p style=\"text-align: justify;\">La actividad estuvo encabezada por el ministro de H\u00e1bitat y Vivienda, Ildemaro Villarroel, en compa\u00f1\u00eda del gobernador Gerardo M\u00e1rquez, quienes llevaron a cabo en presencia de autoridades civiles, militares y el pueblo la entrega de 155 t\u00edtulos de tierra, 14 certificaciones de AVV, 20 t\u00edtulos de propiedad familiar de dos urbanismos y nueve t\u00edtulos de propiedad unifamiliar.<\/p>\n<p style=\"text-align: justify;\">Durante el desarrollo del \u00f3rgano, integrantes de las Asambleas de Viviendo Venezolanos (AVV) y Comit\u00e9s de Tierras Urbanas (CTU) expusieron planteamientos a las autoridades, comprometi\u00e9ndose \u00e9stas a revisar, impulsar y dar respuestas a las solicitudes.<\/p>\n<p style=\"text-align: justify;\">El mandatario regional destac\u00f3 el apoyo que desde un primer momento han brindado a las familias afectadas por las precipitaciones, haciendo grandes esfuerzos para asignarles viviendas a quienes las perdieron en su totalidad o estaban en condiciones de riesgo.<\/p>\n<p style=\"text-align: justify;\">Asimismo, hizo menci\u00f3n de diversos urbanismos que en el estado esperan por ser concluidos para seguir favoreciendo al Poder Popular y pidi\u00f3 a Villarroel la atenci\u00f3n a la situaci\u00f3n de riesgo que se presenta actualmente en el urbanismo Las Lomas de Valera, el cual ser\u00e1 intervenido de acuerdo a lo instruido por el ministro.<\/p>\n<p style=\"text-align: justify;\">Tambi\u00e9n se tomar\u00e1n acciones en relaci\u00f3n a los dos edificios que se encuentran en condici\u00f3n de abandono en el eje vial para ser ocupados por las familias trujillanas y se recibir\u00e1 el adelanto de techos para 50 viviendas como parte de la Fuerza de Tarea Andes 2023 en aras de atender las afectaciones por lluvias.<\/p>\n<p>&nbsp;<\/p>\n<p>&nbsp;<\/p>\n<h6>Yelimar Hidalgo\/Gr\u00e1ficas: Fernando Chuecos<\/h6>\n","protected":false},"excerpt":{"rendered":"<p>Desde el Urbanismo Brisas de La Paz en el municipio Pamp\u00e1n se llev\u00f3 a cabo la reuni\u00f3n n\u00famero 20 del \u00d3rgano Superior Nacional de Vivienda 2023, cuya actividad fue propicia&hellip; <\/p>\n","protected":false},"author":7,"featured_media":28740,"comment_status":"closed","ping_status":"closed","sticky":false,"template":"","format":"standard","meta":{"footnotes":""},"categories":[52,40],"tags":[],"class_list":["post-28739","post","type-post","status-publish","format-standard","has-post-thumbnail","hentry","category-destacadas","category-grantrujillo"],"_links":{"self":[{"href":"https:\/\/ciudadtrujillo.com\/index.php?rest_route=\/wp\/v2\/posts\/28739","targetHints":{"allow":["GET"]}}],"collection":[{"href":"https:\/\/ciudadtrujillo.com\/index.php?rest_route=\/wp\/v2\/posts"}],"about":[{"href":"https:\/\/ciudadtrujillo.com\/index.php?rest_route=\/wp\/v2\/types\/post"}],"author":[{"embeddable":true,"href":"https:\/\/ciudadtrujillo.com\/index.php?rest_route=\/wp\/v2\/users\/7"}],"replies":[{"embeddable":true,"href":"https:\/\/ciudadtrujillo.com\/index.php?rest_route=%2Fwp%2Fv2%2Fcomments&post=28739"}],"version-history":[{"count":1,"href":"https:\/\/ciudadtrujillo.com\/index.php?rest_route=\/wp\/v2\/posts\/28739\/revisions"}],"predecessor-version":[{"id":28741,"href":"https:\/\/ciudadtrujillo.com\/index.php?rest_route=\/wp\/v2\/posts\/28739\/revisions\/28741"}],"wp:featuredmedia":[{"embeddable":true,"href":"https:\/\/ciudadtrujillo.com\/index.php?rest_route=\/wp\/v2\/media\/28740"}],"wp:attachment":[{"href":"https:\/\/ciudadtrujillo.com\/index.php?rest_route=%2Fwp%2Fv2%2Fmedia&parent=28739"}],"wp:term":[{"taxonomy":"category","embeddable":true,"href":"https:\/\/ciudadtrujillo.com\/index.php?rest_route=%2Fwp%2Fv2%2Fcategories&post=28739"},{"taxonomy":"post_tag","embeddable":true,"href":"https:\/\/ciudadtrujillo.com\/index.php?rest_route=%2Fwp%2Fv2%2Ftags&post=28739"}],"curies":[{"name":"wp","href":"https:\/\/api.w.org\/{rel}","templated":true}]}}