{"id":28701,"date":"2023-06-14T20:10:45","date_gmt":"2023-06-15T00:10:45","guid":{"rendered":"http:\/\/ciudadtrujillo.com\/?p=28701"},"modified":"2023-06-14T20:10:45","modified_gmt":"2023-06-15T00:10:45","slug":"frentes-de-trabajo-se-despliegan-para-el-desmalezamiento-de-valera-y-betijoque","status":"publish","type":"post","link":"https:\/\/ciudadtrujillo.com\/?p=28701","title":{"rendered":"Frentes de trabajo se despliegan para el desmalezamiento de Valera y Betijoque"},"content":{"rendered":"<p style=\"text-align: justify;\">Los frentes de trabajo de las cuadrillas de la Empresa de Mantenimiento, Aseo y Ornato se mantienen activas con sus trabajos de desmalezamiento y limpieza en los municipios Valera y Betijoque.<\/p>\n<p style=\"text-align: justify;\">Una de sus publicaciones en redes sociales refiere que los puntos de referencia sn Valera son las instalaciones y alrededores del Hospital Universitario Dr. Pedro Emilio Carrillo; en el sector San Antonio, parroquia Mercedes D\u00edaz; espec\u00edficamente en la intersecci\u00f3n vial hacia los municipios Escuque y Betijoque; y en Betijoque en la v\u00eda de San Agust\u00edn, parroquia Jos\u00e9 Gregorio Hern\u00e1ndez.<\/p>\n<p style=\"text-align: justify;\">\u201cCon el apoyo permanente de nuestro gobernador Gerardo M\u00e1rquez, y bajo la direcci\u00f3n del ingeniero Jos\u00e9 Reyes, presidente de la Emao, se ejecuta con \u00e9xito planes y jornadas de prevenci\u00f3n en las principales v\u00edas y lugares de considerable afluencia de conductores y transe\u00fantes en la regi\u00f3n trujillana\u201d, publicaron.<\/p>\n<h3 style=\"text-align: justify;\">Tambi\u00e9n se mantiene la distribuci\u00f3n de agua por cisternas<\/h3>\n<p style=\"text-align: justify;\">Durante la jornada del lunes 12 de junio se ejecut\u00f3 un plan especial de distribuci\u00f3n de agua potable en el municipio San Rafael de Carvajal, en donde se suministraron 170 mil litros del vital l\u00edquido con las cisternas. La fuerza laboral de la instituci\u00f3n realiz\u00f3 la distribuci\u00f3n en hogares de los sectores priorizados al igual que en instituciones educativas. Los sectores priorizados fueron El Cambuyon y La Cabecera y las instituciones atendidas C.E.I. Simoncito Brumilas San Genaro, Liceo Julio S\u00e1nchez Vivas, U. E. Salom\u00f3n Brice\u00f1o Gabald\u00f3n, E.B. Pablo Ni\u00f1o M\u00e1rquez y la Empresa de la Construcci\u00f3n del estado (Emcontru)<\/p>\n<p style=\"text-align: justify;\">\nTambi\u00e9n, con la unidad compactadora, trabajadores de la instituci\u00f3n recolectaron 12 toneladas de desechos s\u00f3lidos a trav\u00e9s del apoyo institucional que brindaron a centros de salud y entes gubernamentales en Valera y en el municipio Motat\u00e1n. El recorrido de la ruta incluy\u00f3 el C.D.I. Alain Delf\u00edn, Hospital Universitario Dr. Pedro Emilio Carrillo, Hospital Dr. Juan Montezuma Ginnary, C.D.I. El Milagro, C.D.I. Motat\u00e1n y Pdval.<\/p>\n<p style=\"text-align: justify;\">\n<p>&nbsp;<\/p>\n<p>&nbsp;<\/p>\n<h6>Eliph Catalina Fern\u00e1ndez\/Con informaci\u00f3n de la Emao Trujillo\/Gr\u00e1ficas: Cortes\u00eda<\/h6>\n","protected":false},"excerpt":{"rendered":"<p>Los frentes de trabajo de las cuadrillas de la Empresa de Mantenimiento, Aseo y Ornato se mantienen activas con sus trabajos de desmalezamiento y limpieza en los municipios Valera y&hellip; <\/p>\n","protected":false},"author":7,"featured_media":28702,"comment_status":"closed","ping_status":"closed","sticky":false,"template":"","format":"standard","meta":{"footnotes":""},"categories":[40],"tags":[],"class_list":["post-28701","post","type-post","status-publish","format-standard","has-post-thumbnail","hentry","category-grantrujillo"],"_links":{"self":[{"href":"https:\/\/ciudadtrujillo.com\/index.php?rest_route=\/wp\/v2\/posts\/28701","targetHints":{"allow":["GET"]}}],"collection":[{"href":"https:\/\/ciudadtrujillo.com\/index.php?rest_route=\/wp\/v2\/posts"}],"about":[{"href":"https:\/\/ciudadtrujillo.com\/index.php?rest_route=\/wp\/v2\/types\/post"}],"author":[{"embeddable":true,"href":"https:\/\/ciudadtrujillo.com\/index.php?rest_route=\/wp\/v2\/users\/7"}],"replies":[{"embeddable":true,"href":"https:\/\/ciudadtrujillo.com\/index.php?rest_route=%2Fwp%2Fv2%2Fcomments&post=28701"}],"version-history":[{"count":1,"href":"https:\/\/ciudadtrujillo.com\/index.php?rest_route=\/wp\/v2\/posts\/28701\/revisions"}],"predecessor-version":[{"id":28703,"href":"https:\/\/ciudadtrujillo.com\/index.php?rest_route=\/wp\/v2\/posts\/28701\/revisions\/28703"}],"wp:featuredmedia":[{"embeddable":true,"href":"https:\/\/ciudadtrujillo.com\/index.php?rest_route=\/wp\/v2\/media\/28702"}],"wp:attachment":[{"href":"https:\/\/ciudadtrujillo.com\/index.php?rest_route=%2Fwp%2Fv2%2Fmedia&parent=28701"}],"wp:term":[{"taxonomy":"category","embeddable":true,"href":"https:\/\/ciudadtrujillo.com\/index.php?rest_route=%2Fwp%2Fv2%2Fcategories&post=28701"},{"taxonomy":"post_tag","embeddable":true,"href":"https:\/\/ciudadtrujillo.com\/index.php?rest_route=%2Fwp%2Fv2%2Ftags&post=28701"}],"curies":[{"name":"wp","href":"https:\/\/api.w.org\/{rel}","templated":true}]}}