{"id":28697,"date":"2023-06-14T20:05:21","date_gmt":"2023-06-15T00:05:21","guid":{"rendered":"http:\/\/ciudadtrujillo.com\/?p=28697"},"modified":"2023-06-14T20:05:21","modified_gmt":"2023-06-15T00:05:21","slug":"museo-de-arquitectura-inicia-ii-edicion-de-la-exposicion-mejores-trabajos-de-grado","status":"publish","type":"post","link":"https:\/\/ciudadtrujillo.com\/?p=28697","title":{"rendered":"Museo de Arquitectura inicia II edici\u00f3n de la exposici\u00f3n \u201cMejores Trabajos de Grado\u201d"},"content":{"rendered":"<p style=\"text-align: justify;\">El Museo Nacional de Arquitectura anunci\u00f3 el inicio de la segunda edici\u00f3n de la exposici\u00f3n \u201cMejores Trabajos de Grado\u201d para el pr\u00f3ximo cuatro de julio, seg\u00fan inform\u00f3 la instituci\u00f3n cultural.<\/p>\n<p style=\"text-align: justify;\">\u201cEl Museo Nacional de Arquitectura recibe la 2.\u00aa edici\u00f3n de la Expo \u2018Mejores Trabajos de Grado\u2019, el marco del d\u00eda del arquitecto, organizada por Plataforma Gremial junto al Museo de Arquitectura\u201d, indic\u00f3 el Museo a trav\u00e9s de sus redes sociales.<\/p>\n<p style=\"text-align: justify;\">El mensaje en la red social est\u00e1 acompa\u00f1ado por un video mediante el cual se indica que se realiz\u00f3 la primera reuni\u00f3n para la expo \u201cMejores Trabajos de Grado\u201d en arquitectura.<\/p>\n<p style=\"text-align: justify;\">Se se\u00f1al\u00f3 que en la exposici\u00f3n participar\u00e1n diferentes universidades, entre ellas, la Universidad Jos\u00e9 Antonio P\u00e1ez, Universidad Sim\u00f3n Bol\u00edvar, la Universidad Central de Venezuela y la Universidad Bolivariana.<\/p>\n<p>&nbsp;<\/p>\n<p>&nbsp;<\/p>\n<h6>Vtv\/Gr\u00e1fica:Cortes\u00eda<\/h6>\n","protected":false},"excerpt":{"rendered":"<p>El Museo Nacional de Arquitectura anunci\u00f3 el inicio de la segunda edici\u00f3n de la exposici\u00f3n \u201cMejores Trabajos de Grado\u201d para el pr\u00f3ximo cuatro de julio, seg\u00fan inform\u00f3 la instituci\u00f3n cultural.&hellip; <\/p>\n","protected":false},"author":7,"featured_media":28698,"comment_status":"closed","ping_status":"closed","sticky":false,"template":"","format":"standard","meta":{"footnotes":""},"categories":[46],"tags":[],"class_list":["post-28697","post","type-post","status-publish","format-standard","has-post-thumbnail","hentry","category-cultura"],"_links":{"self":[{"href":"https:\/\/ciudadtrujillo.com\/index.php?rest_route=\/wp\/v2\/posts\/28697","targetHints":{"allow":["GET"]}}],"collection":[{"href":"https:\/\/ciudadtrujillo.com\/index.php?rest_route=\/wp\/v2\/posts"}],"about":[{"href":"https:\/\/ciudadtrujillo.com\/index.php?rest_route=\/wp\/v2\/types\/post"}],"author":[{"embeddable":true,"href":"https:\/\/ciudadtrujillo.com\/index.php?rest_route=\/wp\/v2\/users\/7"}],"replies":[{"embeddable":true,"href":"https:\/\/ciudadtrujillo.com\/index.php?rest_route=%2Fwp%2Fv2%2Fcomments&post=28697"}],"version-history":[{"count":1,"href":"https:\/\/ciudadtrujillo.com\/index.php?rest_route=\/wp\/v2\/posts\/28697\/revisions"}],"predecessor-version":[{"id":28699,"href":"https:\/\/ciudadtrujillo.com\/index.php?rest_route=\/wp\/v2\/posts\/28697\/revisions\/28699"}],"wp:featuredmedia":[{"embeddable":true,"href":"https:\/\/ciudadtrujillo.com\/index.php?rest_route=\/wp\/v2\/media\/28698"}],"wp:attachment":[{"href":"https:\/\/ciudadtrujillo.com\/index.php?rest_route=%2Fwp%2Fv2%2Fmedia&parent=28697"}],"wp:term":[{"taxonomy":"category","embeddable":true,"href":"https:\/\/ciudadtrujillo.com\/index.php?rest_route=%2Fwp%2Fv2%2Fcategories&post=28697"},{"taxonomy":"post_tag","embeddable":true,"href":"https:\/\/ciudadtrujillo.com\/index.php?rest_route=%2Fwp%2Fv2%2Ftags&post=28697"}],"curies":[{"name":"wp","href":"https:\/\/api.w.org\/{rel}","templated":true}]}}