{"id":28661,"date":"2023-06-13T22:23:25","date_gmt":"2023-06-14T02:23:25","guid":{"rendered":"http:\/\/ciudadtrujillo.com\/?p=28661"},"modified":"2023-06-13T22:23:25","modified_gmt":"2023-06-14T02:23:25","slug":"continuan-importantes-trabajos-de-rehabilitacion-en-el-hospital-vasallo-cortez","status":"publish","type":"post","link":"https:\/\/ciudadtrujillo.com\/?p=28661","title":{"rendered":"Contin\u00faan importantes trabajos de rehabilitaci\u00f3n en el Hospital Vasallo Cort\u00e9z"},"content":{"rendered":"<p style=\"text-align: justify;\">Cumpliendo instrucciones del gobernador Mayor Gerardo M\u00e1rquez, un equipo multidisciplinario de instituciones p\u00fablicas, entre las cuales est\u00e1 la Fundaci\u00f3n Trujillana de la Salud, hizo un abordaje completo en el Hospital Jos\u00e9 Vasallo Cortez, ubicado en Sabana de Mendoza, donde se han ejecutado labores de reacondicionamiento, en respuestas a las necesidades del pueblo del Eje Panamericano.<\/p>\n<p style=\"text-align: justify;\">\u00abSe han realizado trabajos important\u00edsimos, como la restituci\u00f3n completa de la tuber\u00eda de aguas blancas y negras. Adem\u00e1s de las labores que se realizaron en toda el \u00e1rea de emergencia (&#8230;) Esto corresponde a la primera etapa, donde tambi\u00e9n se contempla la impermeabilizaci\u00f3n del \u00e1rea de Pabell\u00f3n, Sala de Parto y las \u00e1reas de hospitalizaci\u00f3n\u00bb, as\u00ed lo detall\u00f3 la autoridad \u00fanica en Salud, Yadira Pereira, a trav\u00e9s de una entrevista radial.<\/p>\n<p style=\"text-align: justify;\">Asimismo, asegur\u00f3 que m\u00e1s all\u00e1 de los trabajos de infraestructura, \u00abse hizo la solicitud para el equipamiento nuevo y un aparato de Rayos X, destinado al Vasallo Cortez, puesto que el que estaba all\u00ed, est\u00e1 completamente desvalijado. Es un servicio que se activar\u00e1 al momento en que entreguemos la obra\u00bb.<\/p>\n<p style=\"text-align: justify;\">Resalt\u00f3 que la recuperaci\u00f3n del Vasallo Cortez se llevar\u00e1 por etapas. \u00abYo dir\u00eda que se atac\u00f3 la problem\u00e1tica principal, como fue la disposici\u00f3n de las aguas blancas y negras. (&#8230;) Posterior a esto, empezamos abordar las \u00e1reas de infraestructura; reparaci\u00f3n de techos de las \u00e1reas internas; iluminaci\u00f3n, climatizaci\u00f3n\u00bb.<\/p>\n<p style=\"text-align: justify;\">Por otro lado, se refiri\u00f3 a los trabajos que se ejecutaron en el Hospital Dr. Jos\u00e9 Gregorio Hern\u00e1ndez, del municipio Trujillo, donde, con el apoyo del gobierno regional y nacional, se rehabilit\u00f3 la fachada; la emergencia pedi\u00e1trica y de adultos.<\/p>\n<p style=\"text-align: justify;\">\u00abEsta semana, aspiramos y esperamos, que se haga la dotaci\u00f3n de colchones cl\u00ednicos, que compr\u00f3 la Gobernaci\u00f3n del estado. Y se comience, por fases, la rehabilitacion en Sala de Parto y Quir\u00f3fanos\u00bb, indic\u00f3.<\/p>\n<p>&nbsp;<\/p>\n<p>&nbsp;<\/p>\n<h6>Prensa Fundasalud\/Gr\u00e1ficas: Fundasalud<\/h6>\n","protected":false},"excerpt":{"rendered":"<p>Cumpliendo instrucciones del gobernador Mayor Gerardo M\u00e1rquez, un equipo multidisciplinario de instituciones p\u00fablicas, entre las cuales est\u00e1 la Fundaci\u00f3n Trujillana de la Salud, hizo un abordaje completo en el Hospital&hellip; <\/p>\n","protected":false},"author":7,"featured_media":28662,"comment_status":"closed","ping_status":"closed","sticky":false,"template":"","format":"standard","meta":{"footnotes":""},"categories":[40],"tags":[],"class_list":["post-28661","post","type-post","status-publish","format-standard","has-post-thumbnail","hentry","category-grantrujillo"],"_links":{"self":[{"href":"https:\/\/ciudadtrujillo.com\/index.php?rest_route=\/wp\/v2\/posts\/28661","targetHints":{"allow":["GET"]}}],"collection":[{"href":"https:\/\/ciudadtrujillo.com\/index.php?rest_route=\/wp\/v2\/posts"}],"about":[{"href":"https:\/\/ciudadtrujillo.com\/index.php?rest_route=\/wp\/v2\/types\/post"}],"author":[{"embeddable":true,"href":"https:\/\/ciudadtrujillo.com\/index.php?rest_route=\/wp\/v2\/users\/7"}],"replies":[{"embeddable":true,"href":"https:\/\/ciudadtrujillo.com\/index.php?rest_route=%2Fwp%2Fv2%2Fcomments&post=28661"}],"version-history":[{"count":1,"href":"https:\/\/ciudadtrujillo.com\/index.php?rest_route=\/wp\/v2\/posts\/28661\/revisions"}],"predecessor-version":[{"id":28663,"href":"https:\/\/ciudadtrujillo.com\/index.php?rest_route=\/wp\/v2\/posts\/28661\/revisions\/28663"}],"wp:featuredmedia":[{"embeddable":true,"href":"https:\/\/ciudadtrujillo.com\/index.php?rest_route=\/wp\/v2\/media\/28662"}],"wp:attachment":[{"href":"https:\/\/ciudadtrujillo.com\/index.php?rest_route=%2Fwp%2Fv2%2Fmedia&parent=28661"}],"wp:term":[{"taxonomy":"category","embeddable":true,"href":"https:\/\/ciudadtrujillo.com\/index.php?rest_route=%2Fwp%2Fv2%2Fcategories&post=28661"},{"taxonomy":"post_tag","embeddable":true,"href":"https:\/\/ciudadtrujillo.com\/index.php?rest_route=%2Fwp%2Fv2%2Ftags&post=28661"}],"curies":[{"name":"wp","href":"https:\/\/api.w.org\/{rel}","templated":true}]}}