{"id":28658,"date":"2023-06-13T22:20:47","date_gmt":"2023-06-14T02:20:47","guid":{"rendered":"http:\/\/ciudadtrujillo.com\/?p=28658"},"modified":"2023-06-13T22:20:47","modified_gmt":"2023-06-14T02:20:47","slug":"gobierno-regional-entrega-materiales-para-recuperacion-de-prefecturas-del-estado","status":"publish","type":"post","link":"https:\/\/ciudadtrujillo.com\/?p=28658","title":{"rendered":"Gobierno regional entrega materiales para recuperaci\u00f3n de prefecturas del estado"},"content":{"rendered":"<p style=\"text-align: justify;\">A trav\u00e9s del Plan de Recuperaci\u00f3n de las Prefecturas del estado Trujillo, gracias al gobernador Gerardo M\u00e1rquez, se realiz\u00f3 la entrega a los enlaces pol\u00edticos de Partido Socialista Unido de Venezuela de todos los materiales requeridos para iniciar la recuperaci\u00f3n de las prefecturas de las parroquias Santa Mar\u00eda del Horc\u00f3n y San Luis, de los municipios Monte Carmelo y Valera, respectivamente.<\/p>\n<p style=\"text-align: justify;\">De esta manera, contin\u00faa avanzando la recuperaci\u00f3n de las sedes de prefecturas en el estado, en el marco de la revoluci\u00f3n del mantenimiento que ha orientado el Presidente Nicolas Maduro y el gobernador Gerardo M\u00e1rquez.<\/p>\n<p>&nbsp;<\/p>\n<p>&nbsp;<\/p>\n<h6>Prensa Direcci\u00f3n General de Pol\u00edtica\/Gr\u00e1fica: cortes\u00eda<\/h6>\n","protected":false},"excerpt":{"rendered":"<p>A trav\u00e9s del Plan de Recuperaci\u00f3n de las Prefecturas del estado Trujillo, gracias al gobernador Gerardo M\u00e1rquez, se realiz\u00f3 la entrega a los enlaces pol\u00edticos de Partido Socialista Unido de&hellip; <\/p>\n","protected":false},"author":7,"featured_media":28659,"comment_status":"closed","ping_status":"closed","sticky":false,"template":"","format":"standard","meta":{"footnotes":""},"categories":[40],"tags":[],"class_list":["post-28658","post","type-post","status-publish","format-standard","has-post-thumbnail","hentry","category-grantrujillo"],"_links":{"self":[{"href":"https:\/\/ciudadtrujillo.com\/index.php?rest_route=\/wp\/v2\/posts\/28658","targetHints":{"allow":["GET"]}}],"collection":[{"href":"https:\/\/ciudadtrujillo.com\/index.php?rest_route=\/wp\/v2\/posts"}],"about":[{"href":"https:\/\/ciudadtrujillo.com\/index.php?rest_route=\/wp\/v2\/types\/post"}],"author":[{"embeddable":true,"href":"https:\/\/ciudadtrujillo.com\/index.php?rest_route=\/wp\/v2\/users\/7"}],"replies":[{"embeddable":true,"href":"https:\/\/ciudadtrujillo.com\/index.php?rest_route=%2Fwp%2Fv2%2Fcomments&post=28658"}],"version-history":[{"count":1,"href":"https:\/\/ciudadtrujillo.com\/index.php?rest_route=\/wp\/v2\/posts\/28658\/revisions"}],"predecessor-version":[{"id":28660,"href":"https:\/\/ciudadtrujillo.com\/index.php?rest_route=\/wp\/v2\/posts\/28658\/revisions\/28660"}],"wp:featuredmedia":[{"embeddable":true,"href":"https:\/\/ciudadtrujillo.com\/index.php?rest_route=\/wp\/v2\/media\/28659"}],"wp:attachment":[{"href":"https:\/\/ciudadtrujillo.com\/index.php?rest_route=%2Fwp%2Fv2%2Fmedia&parent=28658"}],"wp:term":[{"taxonomy":"category","embeddable":true,"href":"https:\/\/ciudadtrujillo.com\/index.php?rest_route=%2Fwp%2Fv2%2Fcategories&post=28658"},{"taxonomy":"post_tag","embeddable":true,"href":"https:\/\/ciudadtrujillo.com\/index.php?rest_route=%2Fwp%2Fv2%2Ftags&post=28658"}],"curies":[{"name":"wp","href":"https:\/\/api.w.org\/{rel}","templated":true}]}}