{"id":28652,"date":"2023-06-13T22:13:29","date_gmt":"2023-06-14T02:13:29","guid":{"rendered":"http:\/\/ciudadtrujillo.com\/?p=28652"},"modified":"2023-06-13T22:13:29","modified_gmt":"2023-06-14T02:13:29","slug":"juventud-venezolana-sostiene-encuentro-con-presidentes-de-venezuela-e-iran","status":"publish","type":"post","link":"https:\/\/ciudadtrujillo.com\/?p=28652","title":{"rendered":"Juventud venezolana sostiene encuentro con presidentes de Venezuela e Ir\u00e1n"},"content":{"rendered":"<p style=\"text-align: justify;\">La juventud venezolana sostiene un encuentro con los presidentes de las Rep\u00fablicas de Venezuela e Ir\u00e1n, Nicol\u00e1s Maduro y Seyed Ebrahim Raisi, respectivamente, esto como parte de la agenda que se lleva a cabo con motivo de la primera visita oficial del mandatario iran\u00ed a la patria de Bol\u00edvar, para fortalecer los lazos de hermandad y uni\u00f3n entre ambas naciones.<\/p>\n<p style=\"text-align: justify;\">Desde la sala R\u00edos Reyna del Teatro Teresa Carre\u00f1o, en la ciudad de Caracas, la juventud afirm\u00f3 y reiter\u00f3 el compromiso de exaltar las luchas revolucionarias y est\u00e1 convocada a seguir en la batalla por la determinaci\u00f3n de la soberan\u00eda y libertad de los pueblos.<\/p>\n<p style=\"text-align: justify;\">En tal sentido, el presidente venezolano, Nicol\u00e1s Maduro, inform\u00f3 que la visita de su hom\u00f3logo de Ir\u00e1n, viene cargado de un mensaje lleno de amor y amistad. \u201cVenezuela e Ir\u00e1n celebra la amistad de hoy y de siempre. Ambas naciones ratifican la uni\u00f3n y cooperaci\u00f3n con la firma de m\u00e1s de 25 acuerdos en todas las \u00e1reas\u201d.<\/p>\n<p style=\"text-align: justify;\">De igual forma, destac\u00f3 que este encuentro con la juventud venezolana es un ejemplo de resistencia ante las medidas coercitivas violatorias, impuestas por el gobierno de los Estados Unidos (EE. UU.) por ello \u201cdecimos que esta juventud tiene y cuenta con grandes valores antiimperialistas y valores revolucionarios, demostrando su fervor y apoyo a las causas de justicia y soberan\u00eda de los pueblos\u201d.<\/p>\n<p style=\"text-align: justify;\">El presidente Maduro aprovech\u00f3 la ocasi\u00f3n para resaltar los inmensos avances que ha tenido la Rep\u00fablica Isl\u00e1mica de Ir\u00e1n en materia de salud, ciencia, educaci\u00f3n e innovaci\u00f3n tecnol\u00f3gica, aspectos que dan a conocer que \u201cestamos frente a una potencia emergente en el aspecto del conocimiento\u201d.<\/p>\n<p style=\"text-align: justify;\">M\u00e1s temprano el mandatario iran\u00ed Seyed Ebrahim Raisi se reuni\u00f3 con el presidente de la Asamblea Nacional (AN) Jorge Rodr\u00edguez y los diputados del Poder Legislativo, desde el sal\u00f3n El\u00edptico del Palacio Federal Legislativo a prop\u00f3sito de afianzar las relaciones de hermandad, as\u00ed como observar experiencias en leyes aprobadas por el Parlamento venezolano.<\/p>\n<p style=\"text-align: justify;\">El presidente Seyed Ebrahim Raisi, arrib\u00f3 a la naci\u00f3n bolivariana el 12 de junio como parte de su primera visita a Am\u00e9rica Latina y el Caribe, en ese sentido continuar\u00e1 su recorrido a Nicaragua para finalmente reunirse con su para de Cuba.<\/p>\n<p>&nbsp;<\/p>\n<p>&nbsp;<\/p>\n<h6>VTV<\/h6>\n","protected":false},"excerpt":{"rendered":"<p>La juventud venezolana sostiene un encuentro con los presidentes de las Rep\u00fablicas de Venezuela e Ir\u00e1n, Nicol\u00e1s Maduro y Seyed Ebrahim Raisi, respectivamente, esto como parte de la agenda que&hellip; <\/p>\n","protected":false},"author":7,"featured_media":28653,"comment_status":"closed","ping_status":"closed","sticky":false,"template":"","format":"standard","meta":{"footnotes":""},"categories":[41],"tags":[],"class_list":["post-28652","post","type-post","status-publish","format-standard","has-post-thumbnail","hentry","category-pais"],"_links":{"self":[{"href":"https:\/\/ciudadtrujillo.com\/index.php?rest_route=\/wp\/v2\/posts\/28652","targetHints":{"allow":["GET"]}}],"collection":[{"href":"https:\/\/ciudadtrujillo.com\/index.php?rest_route=\/wp\/v2\/posts"}],"about":[{"href":"https:\/\/ciudadtrujillo.com\/index.php?rest_route=\/wp\/v2\/types\/post"}],"author":[{"embeddable":true,"href":"https:\/\/ciudadtrujillo.com\/index.php?rest_route=\/wp\/v2\/users\/7"}],"replies":[{"embeddable":true,"href":"https:\/\/ciudadtrujillo.com\/index.php?rest_route=%2Fwp%2Fv2%2Fcomments&post=28652"}],"version-history":[{"count":1,"href":"https:\/\/ciudadtrujillo.com\/index.php?rest_route=\/wp\/v2\/posts\/28652\/revisions"}],"predecessor-version":[{"id":28654,"href":"https:\/\/ciudadtrujillo.com\/index.php?rest_route=\/wp\/v2\/posts\/28652\/revisions\/28654"}],"wp:featuredmedia":[{"embeddable":true,"href":"https:\/\/ciudadtrujillo.com\/index.php?rest_route=\/wp\/v2\/media\/28653"}],"wp:attachment":[{"href":"https:\/\/ciudadtrujillo.com\/index.php?rest_route=%2Fwp%2Fv2%2Fmedia&parent=28652"}],"wp:term":[{"taxonomy":"category","embeddable":true,"href":"https:\/\/ciudadtrujillo.com\/index.php?rest_route=%2Fwp%2Fv2%2Fcategories&post=28652"},{"taxonomy":"post_tag","embeddable":true,"href":"https:\/\/ciudadtrujillo.com\/index.php?rest_route=%2Fwp%2Fv2%2Ftags&post=28652"}],"curies":[{"name":"wp","href":"https:\/\/api.w.org\/{rel}","templated":true}]}}