{"id":28624,"date":"2023-06-12T19:26:47","date_gmt":"2023-06-12T23:26:47","guid":{"rendered":"http:\/\/ciudadtrujillo.com\/?p=28624"},"modified":"2023-06-12T19:26:47","modified_gmt":"2023-06-12T23:26:47","slug":"asociacion-trujillana-de-badminton-obtiene-15-medallas-en-el-campeonato-nacional-menor","status":"publish","type":"post","link":"https:\/\/ciudadtrujillo.com\/?p=28624","title":{"rendered":"Asociaci\u00f3n Trujillana de B\u00e1dminton obtiene 15 medallas en el Campeonato Nacional Menor"},"content":{"rendered":"<p style=\"text-align: justify;\">Recientemente los atletas de la Asociaci\u00f3n Trujillana de B\u00e1dminton lograron obtener destacados resultados en el Campeonato Nacional Menor Sub-09, Sub-11 y Sub-13, que se desarroll\u00f3 en la ciudad de San Juan de los Morros, estado Gu\u00e1rico.<\/p>\n<p style=\"text-align: justify;\">Nuestro estado sigue demostrando su desempe\u00f1o deportivo en los eventos nacionales, en esta oportunidad obtuvieron 15 medallas entre oro, plata y bronce. Adem\u00e1s triunfaron como campeones absolutos en la categor\u00eda Sub-09, Sub-11 y en el plano general del campeonato. El estado Trujillo cont\u00f3 con la participaci\u00f3n de 15 atletas y un delegado.<\/p>\n<p style=\"text-align: justify;\">\n<h3 style=\"text-align: justify;\">Los resultados fueron:<\/h3>\n<h4 style=\"text-align: justify;\">Categor\u00eda Sub-09:<\/h4>\n<p style=\"text-align: justify;\">Oro Individual Masculino, Mathias Bejas<\/p>\n<p style=\"text-align: justify;\">Plata Individual Masculino, Hugo Ocanto<\/p>\n<p style=\"text-align: justify;\">\n<h4 style=\"text-align: justify;\">Categor\u00eda Sub-11:<\/h4>\n<p style=\"text-align: justify;\">Oro Individual Femenino, Fiorella Castellanos<\/p>\n<p style=\"text-align: justify;\">Bronce Individual Femenino, Isabella Caldera<\/p>\n<p style=\"text-align: justify;\">Bronce Individual Femenino, Sarai Garc\u00eda<\/p>\n<p style=\"text-align: justify;\">Oro Dobles Mixtos, Fiorella Castellanos\/Jensser Pereira<\/p>\n<p style=\"text-align: justify;\">Plata Dobles Mixtos, Sarai Garcia\/Juan Cuevas<\/p>\n<p style=\"text-align: justify;\">Bronce Dobles Mixtos, Isabella Calderas\/Mathias Bejas<\/p>\n<p style=\"text-align: justify;\">Oro Dobles Femenino, Fiorella Castellanos\/Isabella Caldera<\/p>\n<p style=\"text-align: justify;\">Bronce Dobles Masculino, Mathias Bejas\/Hugo Ocanto<\/p>\n<p style=\"text-align: justify;\">\n<h4 style=\"text-align: justify;\">Categor\u00eda Sub-13:<\/h4>\n<p style=\"text-align: justify;\">Bronce Dobles Femenino, Fabiana Luque \/ Mar\u00eda Morles<\/p>\n<p style=\"text-align: justify;\">Bronce Dobles Femenino, Luciana Olivar \/ Sof\u00eda Fiscarralde<\/p>\n<p style=\"text-align: justify;\">Bronce Individual Masculino, Isaac Su\u00e1rez<\/p>\n<p style=\"text-align: justify;\">Bronce Dobles Masculino, Isaac Su\u00e1rez\/Carlos D\u00e1vila<\/p>\n<p style=\"text-align: justify;\">Bronce Mixtos, Vicluismar Escolche\/Isaac Su\u00e1rez<\/p>\n<p>&nbsp;<\/p>\n<p>&nbsp;<\/p>\n<h6>Prensa Indet\/Gr\u00e1fica: Cortes\u00eda<\/h6>\n","protected":false},"excerpt":{"rendered":"<p>Recientemente los atletas de la Asociaci\u00f3n Trujillana de B\u00e1dminton lograron obtener destacados resultados en el Campeonato Nacional Menor Sub-09, Sub-11 y Sub-13, que se desarroll\u00f3 en la ciudad de San&hellip; <\/p>\n","protected":false},"author":7,"featured_media":28625,"comment_status":"closed","ping_status":"closed","sticky":false,"template":"","format":"standard","meta":{"footnotes":""},"categories":[40],"tags":[],"class_list":["post-28624","post","type-post","status-publish","format-standard","has-post-thumbnail","hentry","category-grantrujillo"],"_links":{"self":[{"href":"https:\/\/ciudadtrujillo.com\/index.php?rest_route=\/wp\/v2\/posts\/28624","targetHints":{"allow":["GET"]}}],"collection":[{"href":"https:\/\/ciudadtrujillo.com\/index.php?rest_route=\/wp\/v2\/posts"}],"about":[{"href":"https:\/\/ciudadtrujillo.com\/index.php?rest_route=\/wp\/v2\/types\/post"}],"author":[{"embeddable":true,"href":"https:\/\/ciudadtrujillo.com\/index.php?rest_route=\/wp\/v2\/users\/7"}],"replies":[{"embeddable":true,"href":"https:\/\/ciudadtrujillo.com\/index.php?rest_route=%2Fwp%2Fv2%2Fcomments&post=28624"}],"version-history":[{"count":1,"href":"https:\/\/ciudadtrujillo.com\/index.php?rest_route=\/wp\/v2\/posts\/28624\/revisions"}],"predecessor-version":[{"id":28626,"href":"https:\/\/ciudadtrujillo.com\/index.php?rest_route=\/wp\/v2\/posts\/28624\/revisions\/28626"}],"wp:featuredmedia":[{"embeddable":true,"href":"https:\/\/ciudadtrujillo.com\/index.php?rest_route=\/wp\/v2\/media\/28625"}],"wp:attachment":[{"href":"https:\/\/ciudadtrujillo.com\/index.php?rest_route=%2Fwp%2Fv2%2Fmedia&parent=28624"}],"wp:term":[{"taxonomy":"category","embeddable":true,"href":"https:\/\/ciudadtrujillo.com\/index.php?rest_route=%2Fwp%2Fv2%2Fcategories&post=28624"},{"taxonomy":"post_tag","embeddable":true,"href":"https:\/\/ciudadtrujillo.com\/index.php?rest_route=%2Fwp%2Fv2%2Ftags&post=28624"}],"curies":[{"name":"wp","href":"https:\/\/api.w.org\/{rel}","templated":true}]}}