{"id":28589,"date":"2023-06-11T18:38:26","date_gmt":"2023-06-11T22:38:26","guid":{"rendered":"http:\/\/ciudadtrujillo.com\/?p=28589"},"modified":"2023-06-11T18:43:00","modified_gmt":"2023-06-11T22:43:00","slug":"arranca-plan-especial-valera-tricolor-2023-para-atender-integralmente-15-kilometros","status":"publish","type":"post","link":"https:\/\/ciudadtrujillo.com\/?p=28589","title":{"rendered":"Arranca Plan Especial Valera Tricolor 2023 para atender integralmente 15 kil\u00f3metros"},"content":{"rendered":"<p style=\"text-align: justify;\">Al calor del pueblo este s\u00e1bado se inici\u00f3 el Plan Especial Valera Tricolor 2023, emprendido por el Ministerio del Poder Popular para Obras P\u00fablicas, a trav\u00e9s de la Gran Misi\u00f3n Barrio Nuevo Barrio Tricolor, la gobernaci\u00f3n de Trujillo y diferentes instituciones nacionales y regionales, para el abordaje integral de m\u00e1s de 15 kil\u00f3metros y la atenci\u00f3n de m\u00e1s de mil 500 viviendas.<\/p>\n<p style=\"text-align: justify;\">La actividad para marcar el arranque de este proyecto se efectu\u00f3 en la plaza Miranda de La Floresta, parroquia Mercedes D\u00edaz, con la presencia del ministro de Obras P\u00fablicas, Ra\u00fal Paredes; el diputado a la Asamblea Nacional Pedro Carre\u00f1o; el gobernador de Trujillo, Gerardo M\u00e1rquez; la primera combatiente, Reyna de M\u00e1rquez; y diferentes autoridades del Gobierno Bolivariano.<\/p>\n<p style=\"text-align: justify;\">El ministro Paredes detall\u00f3 en relaci\u00f3n al plan que contempla, en 120 d\u00edas, el mejoramiento de infraestructuras familiares, servicios sociales y servicios p\u00fablicos. \u00abSer\u00e1n m\u00e1s de 75 mil familias favorecidas\u00bb, dijo.<\/p>\n<p style=\"text-align: justify;\">Adem\u00e1s, el gobernador Gerardo M\u00e1rquez agradeci\u00f3 al Presidente Nicol\u00e1s Maduro por el apoyo al estado Trujillo. \u00abEste plan tiene un alcance de seis plazas, cuatro centros de salud, un centro hist\u00f3rico, seis iglesias, la intervenci\u00f3n de la vialidad, todo con la contralor\u00eda del Poder Popular organizado\u00bb, destac\u00f3.<\/p>\n<p style=\"text-align: justify;\">Se realiz\u00f3 una jornada social integral para las comunidades del punto y c\u00edrculo, con atenci\u00f3n m\u00e9dica, stands de misiones y grandes misiones, entretenimiento para los ni\u00f1os y la siembra de plantas forestales y ornamentales, actividad en la que se involucraron el ministro Paredes, el gobernador, el diputado Carre\u00f1o y el viceministro de Ambiente, Dennys Gu\u00e9dez.<\/p>\n<p>&nbsp;<\/p>\n<p>&nbsp;<\/p>\n<h6>Eliph Catalina Fern\u00e1ndez\/Gr\u00e1ficas: Fernando Chuecos<\/h6>\n","protected":false},"excerpt":{"rendered":"<p>Al calor del pueblo este s\u00e1bado se inici\u00f3 el Plan Especial Valera Tricolor 2023, emprendido por el Ministerio del Poder Popular para Obras P\u00fablicas, a trav\u00e9s de la Gran Misi\u00f3n&hellip; <\/p>\n","protected":false},"author":7,"featured_media":0,"comment_status":"closed","ping_status":"closed","sticky":false,"template":"","format":"standard","meta":{"footnotes":""},"categories":[52,40],"tags":[],"class_list":["post-28589","post","type-post","status-publish","format-standard","hentry","category-destacadas","category-grantrujillo"],"_links":{"self":[{"href":"https:\/\/ciudadtrujillo.com\/index.php?rest_route=\/wp\/v2\/posts\/28589","targetHints":{"allow":["GET"]}}],"collection":[{"href":"https:\/\/ciudadtrujillo.com\/index.php?rest_route=\/wp\/v2\/posts"}],"about":[{"href":"https:\/\/ciudadtrujillo.com\/index.php?rest_route=\/wp\/v2\/types\/post"}],"author":[{"embeddable":true,"href":"https:\/\/ciudadtrujillo.com\/index.php?rest_route=\/wp\/v2\/users\/7"}],"replies":[{"embeddable":true,"href":"https:\/\/ciudadtrujillo.com\/index.php?rest_route=%2Fwp%2Fv2%2Fcomments&post=28589"}],"version-history":[{"count":2,"href":"https:\/\/ciudadtrujillo.com\/index.php?rest_route=\/wp\/v2\/posts\/28589\/revisions"}],"predecessor-version":[{"id":28594,"href":"https:\/\/ciudadtrujillo.com\/index.php?rest_route=\/wp\/v2\/posts\/28589\/revisions\/28594"}],"wp:attachment":[{"href":"https:\/\/ciudadtrujillo.com\/index.php?rest_route=%2Fwp%2Fv2%2Fmedia&parent=28589"}],"wp:term":[{"taxonomy":"category","embeddable":true,"href":"https:\/\/ciudadtrujillo.com\/index.php?rest_route=%2Fwp%2Fv2%2Fcategories&post=28589"},{"taxonomy":"post_tag","embeddable":true,"href":"https:\/\/ciudadtrujillo.com\/index.php?rest_route=%2Fwp%2Fv2%2Ftags&post=28589"}],"curies":[{"name":"wp","href":"https:\/\/api.w.org\/{rel}","templated":true}]}}