{"id":28586,"date":"2023-06-11T18:32:28","date_gmt":"2023-06-11T22:32:28","guid":{"rendered":"http:\/\/ciudadtrujillo.com\/?p=28586"},"modified":"2023-06-11T18:32:28","modified_gmt":"2023-06-11T22:32:28","slug":"mas-de-4-mil-trabajadores-de-la-salud-fueron-ascendidos-y-clasificados-en-trujillo","status":"publish","type":"post","link":"https:\/\/ciudadtrujillo.com\/?p=28586","title":{"rendered":"M\u00e1s de 4 mil trabajadores de la salud fueron ascendidos y clasificados en Trujillo"},"content":{"rendered":"<p style=\"text-align: justify;\">En compa\u00f1\u00eda de la Primera Combatiente del estado, Lcda. Reyna de M\u00e1rquez; el director nacional de Gesti\u00f3n Humana del Ministerio del Poder Popular para la Salud (Mpps), Dr. Eulices Rojas y de la autoridad \u00fanica de Salud en la entidad, Dra. Yadira Pereira, se llev\u00f3 a cabo en la ciudad de Valera el acto de ascensos, clasificaciones, ingresos y reconocimiento de a\u00f1os de servicio a 4 mil 37 trabajadores y trabajadoras del SPNS.<\/p>\n<p style=\"text-align: justify;\">Con esta actividad el Gobierno Bolivariano reivindica a los trabajadores del sector salud en la regi\u00f3n andina. Este logro fue gracias a los esfuerzos del Presidente Nicol\u00e1s Maduro, de la ministra Magaly Gutierrez, y el respaldo del gobernador Gerardo M\u00e1rquez.<\/p>\n<p style=\"text-align: justify;\">En ese sentido, Pereira asegur\u00f3 que gracias al apoyo del Gobierno Nacional, el personal de salud de la regi\u00f3n est\u00e1 siendo dignificado, \u00abhemos beneficiado a m\u00e1s de cuatro mil trabajadores; entre ascensos, cargos fijos y reclasificaciones, un reconocimiento a empleados que ten\u00edan a\u00f1os a quienes no se les hab\u00eda valorado su trabajo, con la este acto hemos logrado justicia social para todos ellos, adem\u00e1s de trabajadores de Barrio Adentro\u00bb.<\/p>\n<p style=\"text-align: justify;\">\u00abEstoy muy complacida, estamos profundamente agradecidos con nuestro Presidente Nicol\u00e1s Maduro, la ministro Magaly Guti\u00e9rrez, que no deja de apoyar al sector salud de Trujillo, al gobernador Gerardo M\u00e1rquez, por todas las gestiones que hace para beneficiar a los trabajadores y en esta oportunidad al director nacional de talento humano del MPPS que ha sido un pilar fundamental para lograr esta jornada en este d\u00eda\u00bb, dijo.<\/p>\n<p style=\"text-align: justify;\">Al respecto, el director general de Gesti\u00f3n Humana del Ministerio del MPPS, Ulises Rojas, manifest\u00f3, que a trav\u00e9s de este acto se entregaron m\u00e1s de cuatro mil 019 resoluciones, dos mil 179 cargos fijos y mil 700 normalizaciones a \u00abcompa\u00f1eros que ten\u00edan muchos a\u00f1os esperando este proceso de normalizaciones, ascensos y reclasificaciones, logrando justicia social\u00bb, asever\u00f3.<\/p>\n<p style=\"text-align: justify;\">Inform\u00f3 que est\u00e1 coordinando una pr\u00f3xima visita al estado, espec\u00edficamente a la poblaci\u00f3n de Bocon\u00f3, para hacer entrega tambi\u00e9n de m\u00e1s de mil resoluciones, normalizaciones y reclasificaciones al personal de la localidad.<\/p>\n<p style=\"text-align: justify;\">El director general de Gesti\u00f3n Humana del MPPS enfatiz\u00f3: \u00abTrujillo se puso a la vanguardia, en materia de Recursos Humanos y de justicia social. Hemos establecido la pr\u00f3xima actividad que no debe pasar del mes de noviembre para culminar con estos reconocimientos en una n\u00f3mina que est\u00e1 entre el orden de los 10 mil trabajadores\u00bb.<\/p>\n<p style=\"text-align: justify;\">Entre tanto, la Primera Combatiente del estado y presidente de la Fundaci\u00f3n Regional \u00abEl Ni\u00f1o Sim\u00f3n\u00bb, Reyna P\u00e9rez de M\u00e1rquez sostuvo que gracias al gobierno nacional y regional se est\u00e1 reconociendo el esfuerzo del sector salud de Trujillo, \u00abestamos a la defensa y el reconocimiento del personal de salud de nuestro estado Trujillo; administrativo, obrero, enfermeras, m\u00e9dicos, un acto de mucha significaci\u00f3n para los trujillanos\u00bb.<\/p>\n<p style=\"text-align: justify;\">\u00abPudimos evidenciar en el rostro de nuestro personal la alegr\u00eda y el agradecimiento por haber sido tomados en cuenta y continuaremos en los pr\u00f3ximos meses y a\u00f1os reconociendo la labor de quienes lo merecen\u00bb, enfatiz\u00f3.<\/p>\n<p>&nbsp;<\/p>\n<p>&nbsp;<\/p>\n<p>&nbsp;<\/p>\n<h6>Prensa regional MPPS \/ Luis Su\u00e1rez \/ Ciudad Trujillo\/Gr\u00e1fica: Mar\u00eda Fernanda Riera<\/h6>\n","protected":false},"excerpt":{"rendered":"<p>En compa\u00f1\u00eda de la Primera Combatiente del estado, Lcda. Reyna de M\u00e1rquez; el director nacional de Gesti\u00f3n Humana del Ministerio del Poder Popular para la Salud (Mpps), Dr. Eulices Rojas&hellip; <\/p>\n","protected":false},"author":7,"featured_media":28587,"comment_status":"closed","ping_status":"closed","sticky":false,"template":"","format":"standard","meta":{"footnotes":""},"categories":[40],"tags":[],"class_list":["post-28586","post","type-post","status-publish","format-standard","has-post-thumbnail","hentry","category-grantrujillo"],"_links":{"self":[{"href":"https:\/\/ciudadtrujillo.com\/index.php?rest_route=\/wp\/v2\/posts\/28586","targetHints":{"allow":["GET"]}}],"collection":[{"href":"https:\/\/ciudadtrujillo.com\/index.php?rest_route=\/wp\/v2\/posts"}],"about":[{"href":"https:\/\/ciudadtrujillo.com\/index.php?rest_route=\/wp\/v2\/types\/post"}],"author":[{"embeddable":true,"href":"https:\/\/ciudadtrujillo.com\/index.php?rest_route=\/wp\/v2\/users\/7"}],"replies":[{"embeddable":true,"href":"https:\/\/ciudadtrujillo.com\/index.php?rest_route=%2Fwp%2Fv2%2Fcomments&post=28586"}],"version-history":[{"count":1,"href":"https:\/\/ciudadtrujillo.com\/index.php?rest_route=\/wp\/v2\/posts\/28586\/revisions"}],"predecessor-version":[{"id":28588,"href":"https:\/\/ciudadtrujillo.com\/index.php?rest_route=\/wp\/v2\/posts\/28586\/revisions\/28588"}],"wp:featuredmedia":[{"embeddable":true,"href":"https:\/\/ciudadtrujillo.com\/index.php?rest_route=\/wp\/v2\/media\/28587"}],"wp:attachment":[{"href":"https:\/\/ciudadtrujillo.com\/index.php?rest_route=%2Fwp%2Fv2%2Fmedia&parent=28586"}],"wp:term":[{"taxonomy":"category","embeddable":true,"href":"https:\/\/ciudadtrujillo.com\/index.php?rest_route=%2Fwp%2Fv2%2Fcategories&post=28586"},{"taxonomy":"post_tag","embeddable":true,"href":"https:\/\/ciudadtrujillo.com\/index.php?rest_route=%2Fwp%2Fv2%2Ftags&post=28586"}],"curies":[{"name":"wp","href":"https:\/\/api.w.org\/{rel}","templated":true}]}}