{"id":28545,"date":"2023-06-10T11:33:57","date_gmt":"2023-06-10T15:33:57","guid":{"rendered":"http:\/\/ciudadtrujillo.com\/?p=28545"},"modified":"2023-06-10T11:33:57","modified_gmt":"2023-06-10T15:33:57","slug":"este-sabado-johedrick-y-rafael-se-presentaran-en-segunda-fase-de-talento-de-corazon-infantil","status":"publish","type":"post","link":"https:\/\/ciudadtrujillo.com\/?p=28545","title":{"rendered":"Este s\u00e1bado Johedrick y Rafael se presentar\u00e1n en segunda fase de Talento de Coraz\u00f3n Infantil"},"content":{"rendered":"<p style=\"text-align: justify;\">Este s\u00e1bado 10 de junio a las 7 de la noche ser\u00e1 transmitido el primer programa de la segunda fase de Talento de Coraz\u00f3n Infantil, temporada 2023, en el cual estar\u00e1n participando los ni\u00f1os Rafael Delgado y Johedrick Salas, representantes de la entidad trujillana, quienes compartir\u00e1n el escenario con ni\u00f1os y ni\u00f1as de los estados Miranda, Carabobo, Nueva Esparta, Aragua y Portuguesa.<\/p>\n<p style=\"text-align: justify;\">Edgar Barreto, autoridad \u00fanica de la Cultura en la entidad y delegado regional de Coraz\u00f3n Llanero, fue quien dio la informaci\u00f3n. \u201cEste s\u00e1bado 10 de junio vamos todos a apoyar a nuestras dos representantes, Rafael Delgado y Johedrick Salas, dos ni\u00f1os talentosos, como todos nuestros j\u00f3venes, por eso les invito a que, en familia o con amigos, sintonicemos la transmisi\u00f3n de este programa y apoyemos a estos dos dignos trujillanos\u201d.<\/p>\n<p style=\"text-align: justify;\">La transmisi\u00f3n contar\u00e1 con la participaci\u00f3n de 12 ni\u00f1os y ni\u00f1as pertenecientes a los estados antes mencionados, quienes mostrar\u00e1n su talento sobre el escenario del Teatro Jun\u00edn en la ciudad de Caracas. El programa ser\u00e1 transmitido de manera simult\u00e1nea a trav\u00e9s de Coraz\u00f3n Llanero Multimedia, Venezolana de Televisi\u00f3n, TvFanb, TVes, Vive Tv, entre otros medios p\u00fablicos nacionales.<\/p>\n<p style=\"text-align: justify;\">Es de resaltar que al finalizar el programa se abrir\u00e1n las votaciones p\u00fablicas a trav\u00e9s de la p\u00e1gina ww.corazonllanero.com\/es\/votaciones, donde cada persona podr\u00e1 votar por un ni\u00f1o y una ni\u00f1a que se presentaron esa noche. Solo se puede votar una vez por cuenta y por servidor de internet, (ni\u00f1o y ni\u00f1a).<\/p>\n<p style=\"text-align: justify;\">Barreto ratific\u00f3 el compromiso con la cultura y los j\u00f3venes que tiene el estado. \u201cEl gobernador Gerardo M\u00e1rquez, en reiteradas oportunidades, ha expresado su respaldo a estos ni\u00f1os, as\u00ed como a la juventud trujillana. Igual que en otras temporadas, los ni\u00f1os y ni\u00f1as que representaron la entidad en este programa han contado con el total apoyo del Gobierno Bolivariano de Trujillo\u201d.<\/p>\n<p style=\"text-align: justify;\">Talento de Coraz\u00f3n es un concurso impulsado por la Fundaci\u00f3n Coraz\u00f3n Llanero Multimedia, con el prop\u00f3sito de proyectar la m\u00fasica llanera, al tiempo que se le brinda a los ni\u00f1os y ni\u00f1as venezolanos la oportunidad de mostrar sus capacidades en este g\u00e9nero de la canci\u00f3n.<\/p>\n<p style=\"text-align: justify;\">En el estado dicho programa cuenta con el respaldo contundente del Gobierno Bolivariano de Trujillo, liderado por el mayor Gerardo M\u00e1rquez; a trav\u00e9s del delegado estadal de Coraz\u00f3n Llanero, quienes han trabajado incansablemente para apoyar a estos ni\u00f1os y lograr el \u00e9xito en su participaci\u00f3n en el programa televisivo.<\/p>\n<p>&nbsp;<\/p>\n<p>&nbsp;<\/p>\n<h6>Prensa Incaet \/ Viviana Cegarra Soto\/Gr\u00e1ficas: Cortes\u00eda<\/h6>\n","protected":false},"excerpt":{"rendered":"<p>Este s\u00e1bado 10 de junio a las 7 de la noche ser\u00e1 transmitido el primer programa de la segunda fase de Talento de Coraz\u00f3n Infantil, temporada 2023, en el cual&hellip; <\/p>\n","protected":false},"author":7,"featured_media":28546,"comment_status":"closed","ping_status":"closed","sticky":false,"template":"","format":"standard","meta":{"footnotes":""},"categories":[40],"tags":[],"class_list":["post-28545","post","type-post","status-publish","format-standard","has-post-thumbnail","hentry","category-grantrujillo"],"_links":{"self":[{"href":"https:\/\/ciudadtrujillo.com\/index.php?rest_route=\/wp\/v2\/posts\/28545","targetHints":{"allow":["GET"]}}],"collection":[{"href":"https:\/\/ciudadtrujillo.com\/index.php?rest_route=\/wp\/v2\/posts"}],"about":[{"href":"https:\/\/ciudadtrujillo.com\/index.php?rest_route=\/wp\/v2\/types\/post"}],"author":[{"embeddable":true,"href":"https:\/\/ciudadtrujillo.com\/index.php?rest_route=\/wp\/v2\/users\/7"}],"replies":[{"embeddable":true,"href":"https:\/\/ciudadtrujillo.com\/index.php?rest_route=%2Fwp%2Fv2%2Fcomments&post=28545"}],"version-history":[{"count":1,"href":"https:\/\/ciudadtrujillo.com\/index.php?rest_route=\/wp\/v2\/posts\/28545\/revisions"}],"predecessor-version":[{"id":28547,"href":"https:\/\/ciudadtrujillo.com\/index.php?rest_route=\/wp\/v2\/posts\/28545\/revisions\/28547"}],"wp:featuredmedia":[{"embeddable":true,"href":"https:\/\/ciudadtrujillo.com\/index.php?rest_route=\/wp\/v2\/media\/28546"}],"wp:attachment":[{"href":"https:\/\/ciudadtrujillo.com\/index.php?rest_route=%2Fwp%2Fv2%2Fmedia&parent=28545"}],"wp:term":[{"taxonomy":"category","embeddable":true,"href":"https:\/\/ciudadtrujillo.com\/index.php?rest_route=%2Fwp%2Fv2%2Fcategories&post=28545"},{"taxonomy":"post_tag","embeddable":true,"href":"https:\/\/ciudadtrujillo.com\/index.php?rest_route=%2Fwp%2Fv2%2Ftags&post=28545"}],"curies":[{"name":"wp","href":"https:\/\/api.w.org\/{rel}","templated":true}]}}