{"id":28542,"date":"2023-06-10T11:32:00","date_gmt":"2023-06-10T15:32:00","guid":{"rendered":"http:\/\/ciudadtrujillo.com\/?p=28542"},"modified":"2023-06-10T11:32:00","modified_gmt":"2023-06-10T15:32:00","slug":"instituto-de-la-mujer-realiza-expo-feria-socioproductiva-en-valera","status":"publish","type":"post","link":"https:\/\/ciudadtrujillo.com\/?p=28542","title":{"rendered":"Instituto de la Mujer realiza Expo Feria Socioproductiva en Valera"},"content":{"rendered":"<p style=\"text-align: justify;\">Recientemente se desarroll\u00f3 en el Boulevard de Valera una Expo Feria Socioproductiva, actividad organizada por el Instituto de la Mujer del estado Trujillo (Imet), como parte del impulso que ofrece el gobernador Gerardo M\u00e1rquez a las f\u00e9minas de la regi\u00f3n.<\/p>\n<p style=\"text-align: justify;\">La actividad fue presidida por la abogada Mar\u00eda Avenda\u00f1o, autoridad \u00fanica de la mujer en la entidad. Dicho evento form\u00f3 parte de la celebraci\u00f3n del noveno aniversario de creaci\u00f3n de la Gran Misi\u00f3n Hogares de la Patria.<\/p>\n<p style=\"text-align: justify;\">Vale destacar, que el evento sirvi\u00f3 para que todos los asistentes adquirieran variedad de productos y rubros que emprendedoras y emprendedores exhibieron a la venta con precios asequibles, tales como postres, dulces t\u00edpicos, panes, artesan\u00edas, manualidades, entre otros.<\/p>\n<p style=\"text-align: justify;\">De esta manera, indic\u00f3 Avenda\u00f1o, se contribuye al fortalecimiento laboral de las familias trujillanas, como parte de las directrices de pol\u00edticas oportunas y eficaces que lidera el mandatario regional.<\/p>\n<p style=\"text-align: justify;\">\u00abNo permitiremos que la oposici\u00f3n y ultraderecha atente contra nuestra patria, somos un pueblo revolucionario y pac\u00edfico, dispuesto a defender nuestra soberan\u00eda e independencia en aras de continuar garantizando el porvenir de emprendedoras y emprendedores de nuestro estado Trujillo \u00ab, afirm\u00f3 la autoridad.<\/p>\n<p>&nbsp;<\/p>\n<p>&nbsp;<\/p>\n<h6>Ciudad Trujillo\/ Prensa Imet\/Gr\u00e1ficas: Cortes\u00eda<\/h6>\n","protected":false},"excerpt":{"rendered":"<p>Recientemente se desarroll\u00f3 en el Boulevard de Valera una Expo Feria Socioproductiva, actividad organizada por el Instituto de la Mujer del estado Trujillo (Imet), como parte del impulso que ofrece&hellip; <\/p>\n","protected":false},"author":7,"featured_media":28543,"comment_status":"closed","ping_status":"closed","sticky":false,"template":"","format":"standard","meta":{"footnotes":""},"categories":[40],"tags":[],"class_list":["post-28542","post","type-post","status-publish","format-standard","has-post-thumbnail","hentry","category-grantrujillo"],"_links":{"self":[{"href":"https:\/\/ciudadtrujillo.com\/index.php?rest_route=\/wp\/v2\/posts\/28542","targetHints":{"allow":["GET"]}}],"collection":[{"href":"https:\/\/ciudadtrujillo.com\/index.php?rest_route=\/wp\/v2\/posts"}],"about":[{"href":"https:\/\/ciudadtrujillo.com\/index.php?rest_route=\/wp\/v2\/types\/post"}],"author":[{"embeddable":true,"href":"https:\/\/ciudadtrujillo.com\/index.php?rest_route=\/wp\/v2\/users\/7"}],"replies":[{"embeddable":true,"href":"https:\/\/ciudadtrujillo.com\/index.php?rest_route=%2Fwp%2Fv2%2Fcomments&post=28542"}],"version-history":[{"count":1,"href":"https:\/\/ciudadtrujillo.com\/index.php?rest_route=\/wp\/v2\/posts\/28542\/revisions"}],"predecessor-version":[{"id":28544,"href":"https:\/\/ciudadtrujillo.com\/index.php?rest_route=\/wp\/v2\/posts\/28542\/revisions\/28544"}],"wp:featuredmedia":[{"embeddable":true,"href":"https:\/\/ciudadtrujillo.com\/index.php?rest_route=\/wp\/v2\/media\/28543"}],"wp:attachment":[{"href":"https:\/\/ciudadtrujillo.com\/index.php?rest_route=%2Fwp%2Fv2%2Fmedia&parent=28542"}],"wp:term":[{"taxonomy":"category","embeddable":true,"href":"https:\/\/ciudadtrujillo.com\/index.php?rest_route=%2Fwp%2Fv2%2Fcategories&post=28542"},{"taxonomy":"post_tag","embeddable":true,"href":"https:\/\/ciudadtrujillo.com\/index.php?rest_route=%2Fwp%2Fv2%2Ftags&post=28542"}],"curies":[{"name":"wp","href":"https:\/\/api.w.org\/{rel}","templated":true}]}}