{"id":28539,"date":"2023-06-10T11:29:37","date_gmt":"2023-06-10T15:29:37","guid":{"rendered":"http:\/\/ciudadtrujillo.com\/?p=28539"},"modified":"2023-06-10T11:29:37","modified_gmt":"2023-06-10T15:29:37","slug":"trujillo-gas-comunal-fortalecio-atencion-con-distribucion-de-83-229-cilindros-en-mayo","status":"publish","type":"post","link":"https:\/\/ciudadtrujillo.com\/?p=28539","title":{"rendered":"Trujillo Gas Comunal fortaleci\u00f3 atenci\u00f3n con distribuci\u00f3n de 83.229 cilindros en mayo"},"content":{"rendered":"<p style=\"text-align: justify;\">Bajo las orientaciones del gobernador Gerardo M\u00e1rquez, la empresa Trujillo Gas Comunal contin\u00faa sumando esfuerzos para fortalecer la atenci\u00f3n al pueblo. Tras las diferentes jornadas durante el mes de mayo, fueron distribuidos 83.229 cilindros para favorecer al pueblo.<\/p>\n<p style=\"text-align: justify;\">\n<p style=\"text-align: justify;\">La empresa, liderada por el Ing. Samuel Matheus, logr\u00f3 atender a 60.091 familias tras los abordajes en 36 parroquias: El Jaguito (Andr\u00e9s Bello), Bocon\u00f3, Mosquey y Rafael Rangel (Bocon\u00f3), Cheregu\u00e9 (Bol\u00edvar), Chejend\u00e9 y Manuel Salvador Ulloa (Candelaria), Carache (Carache), La Uni\u00f3n, Sabana Libre y Santa Rita (Escuque), La Ceiba y Santa Apolonia (La Ceiba), Agua Santa, El Dividive y Valerita (Miranda), Monte Carmelo y Santa Mar\u00eda del Horc\u00f3n (Monte Carmelo), Motat\u00e1n (Motat\u00e1n), Santa Ana (Pamp\u00e1n), Pampanito (Pampanito), Jos\u00e9 Gregorio Hern\u00e1ndez (Rafael Rangel), Carvajal y Jos\u00e9 Leonardo Su\u00e1rez (San Rafael de Carvajal), Sabana de Mendoza (Sucre), Andr\u00e9s Linares, Crist\u00f3bal Mendoza, Cruz Carrillo y Matriz (Trujillo), La Quebrada y Tu\u00f1ame (Urdaneta), Juan Ignacio Montilla, La Beatriz y Mercedes D\u00edaz (Valera), adem\u00e1s de Andr\u00e9s Eloy Blanco y Timotes (Miranda &#8211; M\u00e9rida).<\/p>\n<p style=\"text-align: justify;\">\n<p style=\"text-align: justify;\">Cabe mencionar que las jornadas se realizaron en uni\u00f3n con 503 Comit\u00e9s Locales de Abastecimiento y Producci\u00f3n (CLAP), afianzando la participaci\u00f3n del Poder Popular como lineamientos del Presidente Nicol\u00e1s Maduro y el presidente de PDVSA Gas Comunal, Pedro Caldera.<\/p>\n<p>&nbsp;<\/p>\n<p>&nbsp;<\/p>\n<h6>Yarlenis Albarr\u00e1n\/Gr\u00e1fica: Cortes\u00eda<\/h6>\n","protected":false},"excerpt":{"rendered":"<p>Bajo las orientaciones del gobernador Gerardo M\u00e1rquez, la empresa Trujillo Gas Comunal contin\u00faa sumando esfuerzos para fortalecer la atenci\u00f3n al pueblo. Tras las diferentes jornadas durante el mes de mayo,&hellip; <\/p>\n","protected":false},"author":7,"featured_media":28540,"comment_status":"closed","ping_status":"closed","sticky":false,"template":"","format":"standard","meta":{"footnotes":""},"categories":[40],"tags":[],"class_list":["post-28539","post","type-post","status-publish","format-standard","has-post-thumbnail","hentry","category-grantrujillo"],"_links":{"self":[{"href":"https:\/\/ciudadtrujillo.com\/index.php?rest_route=\/wp\/v2\/posts\/28539","targetHints":{"allow":["GET"]}}],"collection":[{"href":"https:\/\/ciudadtrujillo.com\/index.php?rest_route=\/wp\/v2\/posts"}],"about":[{"href":"https:\/\/ciudadtrujillo.com\/index.php?rest_route=\/wp\/v2\/types\/post"}],"author":[{"embeddable":true,"href":"https:\/\/ciudadtrujillo.com\/index.php?rest_route=\/wp\/v2\/users\/7"}],"replies":[{"embeddable":true,"href":"https:\/\/ciudadtrujillo.com\/index.php?rest_route=%2Fwp%2Fv2%2Fcomments&post=28539"}],"version-history":[{"count":1,"href":"https:\/\/ciudadtrujillo.com\/index.php?rest_route=\/wp\/v2\/posts\/28539\/revisions"}],"predecessor-version":[{"id":28541,"href":"https:\/\/ciudadtrujillo.com\/index.php?rest_route=\/wp\/v2\/posts\/28539\/revisions\/28541"}],"wp:featuredmedia":[{"embeddable":true,"href":"https:\/\/ciudadtrujillo.com\/index.php?rest_route=\/wp\/v2\/media\/28540"}],"wp:attachment":[{"href":"https:\/\/ciudadtrujillo.com\/index.php?rest_route=%2Fwp%2Fv2%2Fmedia&parent=28539"}],"wp:term":[{"taxonomy":"category","embeddable":true,"href":"https:\/\/ciudadtrujillo.com\/index.php?rest_route=%2Fwp%2Fv2%2Fcategories&post=28539"},{"taxonomy":"post_tag","embeddable":true,"href":"https:\/\/ciudadtrujillo.com\/index.php?rest_route=%2Fwp%2Fv2%2Ftags&post=28539"}],"curies":[{"name":"wp","href":"https:\/\/api.w.org\/{rel}","templated":true}]}}