{"id":28536,"date":"2023-06-10T11:27:01","date_gmt":"2023-06-10T15:27:01","guid":{"rendered":"http:\/\/ciudadtrujillo.com\/?p=28536"},"modified":"2023-06-10T11:27:01","modified_gmt":"2023-06-10T15:27:01","slug":"realizan-jornada-nutricional-en-la-fundacion-regional-el-nino-simon-trujillo","status":"publish","type":"post","link":"https:\/\/ciudadtrujillo.com\/?p=28536","title":{"rendered":"Realizan jornada nutricional en la Fundaci\u00f3n Regional El Ni\u00f1o Sim\u00f3n Trujillo"},"content":{"rendered":"<p style=\"text-align: justify;\">Desde los espacios de la Fundaci\u00f3n Regional \u201cEl Ni\u00f1o Sim\u00f3n\u201d Trujillo, a cargo de la Lcda. Reyna P\u00e9rez de M\u00e1rquez, se llev\u00f3 a cabo una jornada nutricional en articulaci\u00f3n con el Instituto de Alimentaci\u00f3n y Nutrici\u00f3n del estado Trujillo (IANET).<\/p>\n<p style=\"text-align: justify;\">\n<p style=\"text-align: justify;\">En la actividad se atendieron a ni\u00f1os, ni\u00f1as, embarazadas y adultos mayores en los servicios de nutrici\u00f3n, terapista de lenguaje, trabajo social, inmunizaci\u00f3n y pediatr\u00eda.<\/p>\n<p style=\"text-align: justify;\">\n<p style=\"text-align: justify;\">En total, por nutrici\u00f3n se atendieron 42 ni\u00f1os y ni\u00f1as. Fueron asistidas 13 embarazadas y siete adultos mayores. Con inmunizaci\u00f3n se favorecieron 15 personas y por pediatr\u00eda 35.<\/p>\n<p style=\"text-align: justify;\">\n<p style=\"text-align: justify;\">Durante la jornada se les brind\u00f3 valoraci\u00f3n nutricional con el fin de evaluar el bienestar de los ni\u00f1os y mujeres embarazadas. Adem\u00e1s se hizo entrega de vitaminas y barras nutricionales.<\/p>\n<p style=\"text-align: justify;\">\nP\u00e9rez de M\u00e1rquez destac\u00f3 que estas jornadas forman parte de las pol\u00edticas sociales impulsadas por nuestro Presidente Nicol\u00e1s Maduro y el gobernador Gerardo M\u00e1rquez, con el prop\u00f3sito de favorecer a la poblaci\u00f3n trujillana, especialmente al Semillero de la Patria.<\/p>\n<p style=\"text-align: justify;\">\n<p>&nbsp;<\/p>\n<h6>Prensa Frnstru \/ Karelis Dur\u00e1n\/Gr\u00e1ficas: Mar\u00eda Fernanda Riera<\/h6>\n","protected":false},"excerpt":{"rendered":"<p>Desde los espacios de la Fundaci\u00f3n Regional \u201cEl Ni\u00f1o Sim\u00f3n\u201d Trujillo, a cargo de la Lcda. Reyna P\u00e9rez de M\u00e1rquez, se llev\u00f3 a cabo una jornada nutricional en articulaci\u00f3n con&hellip; <\/p>\n","protected":false},"author":7,"featured_media":28537,"comment_status":"closed","ping_status":"closed","sticky":false,"template":"","format":"standard","meta":{"footnotes":""},"categories":[52,40],"tags":[],"class_list":["post-28536","post","type-post","status-publish","format-standard","has-post-thumbnail","hentry","category-destacadas","category-grantrujillo"],"_links":{"self":[{"href":"https:\/\/ciudadtrujillo.com\/index.php?rest_route=\/wp\/v2\/posts\/28536","targetHints":{"allow":["GET"]}}],"collection":[{"href":"https:\/\/ciudadtrujillo.com\/index.php?rest_route=\/wp\/v2\/posts"}],"about":[{"href":"https:\/\/ciudadtrujillo.com\/index.php?rest_route=\/wp\/v2\/types\/post"}],"author":[{"embeddable":true,"href":"https:\/\/ciudadtrujillo.com\/index.php?rest_route=\/wp\/v2\/users\/7"}],"replies":[{"embeddable":true,"href":"https:\/\/ciudadtrujillo.com\/index.php?rest_route=%2Fwp%2Fv2%2Fcomments&post=28536"}],"version-history":[{"count":1,"href":"https:\/\/ciudadtrujillo.com\/index.php?rest_route=\/wp\/v2\/posts\/28536\/revisions"}],"predecessor-version":[{"id":28538,"href":"https:\/\/ciudadtrujillo.com\/index.php?rest_route=\/wp\/v2\/posts\/28536\/revisions\/28538"}],"wp:featuredmedia":[{"embeddable":true,"href":"https:\/\/ciudadtrujillo.com\/index.php?rest_route=\/wp\/v2\/media\/28537"}],"wp:attachment":[{"href":"https:\/\/ciudadtrujillo.com\/index.php?rest_route=%2Fwp%2Fv2%2Fmedia&parent=28536"}],"wp:term":[{"taxonomy":"category","embeddable":true,"href":"https:\/\/ciudadtrujillo.com\/index.php?rest_route=%2Fwp%2Fv2%2Fcategories&post=28536"},{"taxonomy":"post_tag","embeddable":true,"href":"https:\/\/ciudadtrujillo.com\/index.php?rest_route=%2Fwp%2Fv2%2Ftags&post=28536"}],"curies":[{"name":"wp","href":"https:\/\/api.w.org\/{rel}","templated":true}]}}