{"id":28533,"date":"2023-06-10T11:22:01","date_gmt":"2023-06-10T15:22:01","guid":{"rendered":"http:\/\/ciudadtrujillo.com\/?p=28533"},"modified":"2023-06-10T11:22:01","modified_gmt":"2023-06-10T15:22:01","slug":"juramentada-comision-de-alto-nivel-regional-para-trasladar-restos-simbolicos-del-dr-cristobal-mendoza-al-panteon-nacional","status":"publish","type":"post","link":"https:\/\/ciudadtrujillo.com\/?p=28533","title":{"rendered":"Juramentada Comisi\u00f3n de Alto Nivel Regional para trasladar restos simb\u00f3licos del Dr. Crist\u00f3bal Mendoza al Pante\u00f3n Nacional"},"content":{"rendered":"<p style=\"text-align: justify;\">Este jueves, desde el sal\u00f3n el\u00edptico del Palacio de Gobierno del estado, se llev\u00f3 a cabo la juramentaci\u00f3n de Comisi\u00f3n de Alto Nivel Regional para trasladar los restos simb\u00f3licos del Dr. Crist\u00f3bal Mendoza al Pante\u00f3n Nacional; cuyo acto estuvo presidido por el gobernador Gerardo M\u00e1rquez, quien destac\u00f3 que Trujillo est\u00e1 cargado de una historia con grandes personajes con quienes se tiene una deuda en reconocimiento y que suponen un orgullo para sus habitantes.<\/p>\n<p style=\"text-align: justify;\">En este orden de ideas, M\u00e1rquez se\u00f1al\u00f3 que la comisi\u00f3n est\u00e1 conformada por los profesores Ubaldo Garc\u00eda, Al\u00ed Medina Machado y Jorge Antequera, el presidente del Consejo Legislativo del estado (Clet), Carlos Iglesias; director del Servicio Administrativo de Publicidad Socialista de Trujillo (Sapset), Jonathan Brice\u00f1o; el cronista de Valera, Benigno Contreras y el joven Luis Venegas.<\/p>\n<p style=\"text-align: justify;\">El profesor Ubaldo Garc\u00eda, quien preside dicha comisi\u00f3n, resalt\u00f3 los avances en materia hist\u00f3rica. \u00abEstoy bastante agradecido con los nuevos aires que se est\u00e1n dando en nuestro estado Trujillo, viene para la comisi\u00f3n una gran responsabilidad y estamos en disposici\u00f3n de seguir montados en este gran trabajo\u00bb.<\/p>\n<p style=\"text-align: justify;\">Destac\u00f3 que se est\u00e1 haciendo justicia hist\u00f3rica con \u00abuna deuda que existe desde hace 200 a\u00f1os o m\u00e1s con el Dr. Crist\u00f3bal Mendoza, al ser quiz\u00e1 uno de los hombres que m\u00e1s merece estar en el Pante\u00f3n Nacional y la dicha ha llegado en este momento de gran relevancia\u00bb.<\/p>\n<p style=\"text-align: justify;\">Calific\u00f3 como una dicha que se logre el traslado de los restos simb\u00f3licos de \u00abun valioso pr\u00f3cer y h\u00e9roe civil trujillanos\u00bb.<\/p>\n<p>&nbsp;<\/p>\n<p>&nbsp;<\/p>\n<h6>Yelimar Hidalgo\/Gr\u00e1ficas: Fernando Chuecos<\/h6>\n","protected":false},"excerpt":{"rendered":"<p>Este jueves, desde el sal\u00f3n el\u00edptico del Palacio de Gobierno del estado, se llev\u00f3 a cabo la juramentaci\u00f3n de Comisi\u00f3n de Alto Nivel Regional para trasladar los restos simb\u00f3licos del&hellip; <\/p>\n","protected":false},"author":7,"featured_media":28534,"comment_status":"closed","ping_status":"closed","sticky":false,"template":"","format":"standard","meta":{"footnotes":""},"categories":[52,40],"tags":[],"class_list":["post-28533","post","type-post","status-publish","format-standard","has-post-thumbnail","hentry","category-destacadas","category-grantrujillo"],"_links":{"self":[{"href":"https:\/\/ciudadtrujillo.com\/index.php?rest_route=\/wp\/v2\/posts\/28533","targetHints":{"allow":["GET"]}}],"collection":[{"href":"https:\/\/ciudadtrujillo.com\/index.php?rest_route=\/wp\/v2\/posts"}],"about":[{"href":"https:\/\/ciudadtrujillo.com\/index.php?rest_route=\/wp\/v2\/types\/post"}],"author":[{"embeddable":true,"href":"https:\/\/ciudadtrujillo.com\/index.php?rest_route=\/wp\/v2\/users\/7"}],"replies":[{"embeddable":true,"href":"https:\/\/ciudadtrujillo.com\/index.php?rest_route=%2Fwp%2Fv2%2Fcomments&post=28533"}],"version-history":[{"count":1,"href":"https:\/\/ciudadtrujillo.com\/index.php?rest_route=\/wp\/v2\/posts\/28533\/revisions"}],"predecessor-version":[{"id":28535,"href":"https:\/\/ciudadtrujillo.com\/index.php?rest_route=\/wp\/v2\/posts\/28533\/revisions\/28535"}],"wp:featuredmedia":[{"embeddable":true,"href":"https:\/\/ciudadtrujillo.com\/index.php?rest_route=\/wp\/v2\/media\/28534"}],"wp:attachment":[{"href":"https:\/\/ciudadtrujillo.com\/index.php?rest_route=%2Fwp%2Fv2%2Fmedia&parent=28533"}],"wp:term":[{"taxonomy":"category","embeddable":true,"href":"https:\/\/ciudadtrujillo.com\/index.php?rest_route=%2Fwp%2Fv2%2Fcategories&post=28533"},{"taxonomy":"post_tag","embeddable":true,"href":"https:\/\/ciudadtrujillo.com\/index.php?rest_route=%2Fwp%2Fv2%2Ftags&post=28533"}],"curies":[{"name":"wp","href":"https:\/\/api.w.org\/{rel}","templated":true}]}}