{"id":28508,"date":"2023-06-07T21:17:03","date_gmt":"2023-06-08T01:17:03","guid":{"rendered":"http:\/\/ciudadtrujillo.com\/?p=28508"},"modified":"2023-06-07T21:17:03","modified_gmt":"2023-06-08T01:17:03","slug":"defensa-publica-toma-plaza-bolivar-de-trujillo-y-ofrece-asesoria-sobre-el-acoso-escolar","status":"publish","type":"post","link":"https:\/\/ciudadtrujillo.com\/?p=28508","title":{"rendered":"Defensa P\u00fablica toma plaza Bol\u00edvar de Trujillo y ofrece asesor\u00eda sobre el acoso escolar"},"content":{"rendered":"<p style=\"text-align: justify;\">Este mi\u00e9rcoles la Defensa P\u00fablica, como parte de una jornada a escala nacional, tom\u00f3 las plazas Bol\u00edvar del pa\u00eds con el objetivo de brindar informaci\u00f3n sobre el flagelo presente en las escuelas y liceos: el acoso escolar. El defensor p\u00fablico Javier Ju\u00e1rez, explic\u00f3 que este hecho se entiende como las agresiones f\u00edsicas verbales y psicol\u00f3gicas que puedan sufrir ni\u00f1os, ni\u00f1as o adolescentes.<\/p>\n<p style=\"text-align: justify;\">\u201cEstamos tambi\u00e9n explic\u00e1ndoles a los usuarios que esto genera consecuencias legales para los adolescentes de acuerdo a la edad: de 12 a 14 a\u00f1os se dicta una medidas de protecci\u00f3n y a partir de los 14 a\u00f1os hasta los 18 genera una responsabilidad penal, establecidos por los tribunales respectivos\u201d, especific\u00f3 el defensor p\u00fablico.<\/p>\n<p style=\"text-align: justify;\">Los funcionarios adem\u00e1s aprovecharon para brindar asesor\u00edas a quienes se acercaron para ofrecer respuestas ante sus dudas, especialmente legales. \u201cLes detallamos sobre las funciones que tiene la Defensa P\u00fablica en materia judicial. Cubrimos la mayor\u00eda de las materias como protecci\u00f3n de ni\u00f1os, ni\u00f1as y adolescentes, penal, violencia contra la mujer, agraria, inquilinato, entre otras\u201d.<\/p>\n<p style=\"text-align: justify;\">La Defensa P\u00fablica es una instituci\u00f3n dedicada a preservar los derechos civiles y penales de todo hombre, mujer y ni\u00f1o venezolano.<\/p>\n<p>&nbsp;<\/p>\n<p>&nbsp;<\/p>\n<h6>Eliph Catalina Fern\u00e1ndez\/Gr\u00e1fica: Cortes\u00eda<\/h6>\n","protected":false},"excerpt":{"rendered":"<p>Este mi\u00e9rcoles la Defensa P\u00fablica, como parte de una jornada a escala nacional, tom\u00f3 las plazas Bol\u00edvar del pa\u00eds con el objetivo de brindar informaci\u00f3n sobre el flagelo presente en&hellip; <\/p>\n","protected":false},"author":1,"featured_media":28509,"comment_status":"closed","ping_status":"closed","sticky":false,"template":"","format":"standard","meta":{"footnotes":""},"categories":[40],"tags":[],"class_list":["post-28508","post","type-post","status-publish","format-standard","has-post-thumbnail","hentry","category-grantrujillo"],"_links":{"self":[{"href":"https:\/\/ciudadtrujillo.com\/index.php?rest_route=\/wp\/v2\/posts\/28508","targetHints":{"allow":["GET"]}}],"collection":[{"href":"https:\/\/ciudadtrujillo.com\/index.php?rest_route=\/wp\/v2\/posts"}],"about":[{"href":"https:\/\/ciudadtrujillo.com\/index.php?rest_route=\/wp\/v2\/types\/post"}],"author":[{"embeddable":true,"href":"https:\/\/ciudadtrujillo.com\/index.php?rest_route=\/wp\/v2\/users\/1"}],"replies":[{"embeddable":true,"href":"https:\/\/ciudadtrujillo.com\/index.php?rest_route=%2Fwp%2Fv2%2Fcomments&post=28508"}],"version-history":[{"count":1,"href":"https:\/\/ciudadtrujillo.com\/index.php?rest_route=\/wp\/v2\/posts\/28508\/revisions"}],"predecessor-version":[{"id":28510,"href":"https:\/\/ciudadtrujillo.com\/index.php?rest_route=\/wp\/v2\/posts\/28508\/revisions\/28510"}],"wp:featuredmedia":[{"embeddable":true,"href":"https:\/\/ciudadtrujillo.com\/index.php?rest_route=\/wp\/v2\/media\/28509"}],"wp:attachment":[{"href":"https:\/\/ciudadtrujillo.com\/index.php?rest_route=%2Fwp%2Fv2%2Fmedia&parent=28508"}],"wp:term":[{"taxonomy":"category","embeddable":true,"href":"https:\/\/ciudadtrujillo.com\/index.php?rest_route=%2Fwp%2Fv2%2Fcategories&post=28508"},{"taxonomy":"post_tag","embeddable":true,"href":"https:\/\/ciudadtrujillo.com\/index.php?rest_route=%2Fwp%2Fv2%2Ftags&post=28508"}],"curies":[{"name":"wp","href":"https:\/\/api.w.org\/{rel}","templated":true}]}}