{"id":28427,"date":"2023-06-06T19:52:11","date_gmt":"2023-06-06T23:52:11","guid":{"rendered":"http:\/\/ciudadtrujillo.com\/?p=28427"},"modified":"2023-06-06T19:52:11","modified_gmt":"2023-06-06T23:52:11","slug":"movimiento-somos-venezuela-resalta-importancia-de-la-cartografia-social-en-comunidades-de-trujillo","status":"publish","type":"post","link":"https:\/\/ciudadtrujillo.com\/?p=28427","title":{"rendered":"Movimiento Somos Venezuela resalta importancia de la cartograf\u00eda social en comunidades de Trujillo"},"content":{"rendered":"<p style=\"text-align: justify;\">En los veinte municipios del estado Trujillo se realiz\u00f3 Gran Jornada de Reflexi\u00f3n, Debate y Propuestas para el Plan Prosperidad, Retos y Desaf\u00edos del Movimiento Social Somos Venezuela. Por ello, fueron instaladas 60 mesas donde se expone una cartograf\u00eda social y la Agenda Concreta de Acci\u00f3n de una comunidad organizada, la cual sirvi\u00f3 de ejemplo para el ejercicio pr\u00e1ctico y reflexivo.<\/p>\n<p style=\"text-align: justify;\">La actividad se realiz\u00f3 como parte del 6to. aniversario del Movimiento Somos Venezuela. Las \u00e1reas a desarrollar fueron las garant\u00edas sociales, pol\u00edticas y culturales para el desarrollo de la comunidad en la lucha por la erradicaci\u00f3n de la pobreza extrema.<\/p>\n<p style=\"text-align: justify;\">Tambi\u00e9n desarrollo econ\u00f3mico, sustentable como epicentro para la sustentabilidad y el trabajo de personas sin empleo, en la lucha por la erradicaci\u00f3n de la pobreza extrema. Asimismo h\u00e1bitat y desarrollo del buen vivir con acceso a bienes, servicios en la lucha por la erradicaci\u00f3n de la pobreza extrema.<\/p>\n<p style=\"text-align: justify;\">En esta jornada participaron los Agrupamientos Sociales Municipales, los brigadistas del Movimiento Social Somos Venezuela junto a las estructuras de base del Partido Socialista Unido de Venezuela (Psuv).<\/p>\n<p style=\"text-align: justify;\">\u00abDesde el estado Trujillo, asumimos el compromiso de acompa\u00f1ar al Presidente Nicol\u00e1s Maduro y al gobernador Gerardo M\u00e1rquez de seguir con el proceso de inclusi\u00f3n, protecci\u00f3n social para dar garant\u00edas del rol social de la Revoluci\u00f3n por medio del Sistema de Misiones y Grandes Misiones\u00bb, destaca una publicaci\u00f3n en redes sociales del MSV Trujillo.<\/p>\n<p>&nbsp;<\/p>\n<p>&nbsp;<\/p>\n<h6>Con informaci\u00f3n de: @mvsenlinea \/ Eliph Catalina Fern\u00e1ndez<\/h6>\n","protected":false},"excerpt":{"rendered":"<p>En los veinte municipios del estado Trujillo se realiz\u00f3 Gran Jornada de Reflexi\u00f3n, Debate y Propuestas para el Plan Prosperidad, Retos y Desaf\u00edos del Movimiento Social Somos Venezuela. Por ello,&hellip; <\/p>\n","protected":false},"author":1,"featured_media":28428,"comment_status":"closed","ping_status":"closed","sticky":false,"template":"","format":"standard","meta":{"footnotes":""},"categories":[40],"tags":[],"class_list":["post-28427","post","type-post","status-publish","format-standard","has-post-thumbnail","hentry","category-grantrujillo"],"_links":{"self":[{"href":"https:\/\/ciudadtrujillo.com\/index.php?rest_route=\/wp\/v2\/posts\/28427","targetHints":{"allow":["GET"]}}],"collection":[{"href":"https:\/\/ciudadtrujillo.com\/index.php?rest_route=\/wp\/v2\/posts"}],"about":[{"href":"https:\/\/ciudadtrujillo.com\/index.php?rest_route=\/wp\/v2\/types\/post"}],"author":[{"embeddable":true,"href":"https:\/\/ciudadtrujillo.com\/index.php?rest_route=\/wp\/v2\/users\/1"}],"replies":[{"embeddable":true,"href":"https:\/\/ciudadtrujillo.com\/index.php?rest_route=%2Fwp%2Fv2%2Fcomments&post=28427"}],"version-history":[{"count":1,"href":"https:\/\/ciudadtrujillo.com\/index.php?rest_route=\/wp\/v2\/posts\/28427\/revisions"}],"predecessor-version":[{"id":28429,"href":"https:\/\/ciudadtrujillo.com\/index.php?rest_route=\/wp\/v2\/posts\/28427\/revisions\/28429"}],"wp:featuredmedia":[{"embeddable":true,"href":"https:\/\/ciudadtrujillo.com\/index.php?rest_route=\/wp\/v2\/media\/28428"}],"wp:attachment":[{"href":"https:\/\/ciudadtrujillo.com\/index.php?rest_route=%2Fwp%2Fv2%2Fmedia&parent=28427"}],"wp:term":[{"taxonomy":"category","embeddable":true,"href":"https:\/\/ciudadtrujillo.com\/index.php?rest_route=%2Fwp%2Fv2%2Fcategories&post=28427"},{"taxonomy":"post_tag","embeddable":true,"href":"https:\/\/ciudadtrujillo.com\/index.php?rest_route=%2Fwp%2Fv2%2Ftags&post=28427"}],"curies":[{"name":"wp","href":"https:\/\/api.w.org\/{rel}","templated":true}]}}