{"id":28421,"date":"2023-06-06T19:47:59","date_gmt":"2023-06-06T23:47:59","guid":{"rendered":"http:\/\/ciudadtrujillo.com\/?p=28421"},"modified":"2023-06-06T19:47:59","modified_gmt":"2023-06-06T23:47:59","slug":"policia-del-estado-detiene-a-septuagenario-en-municipio-bolivar-por-violacion-a-menores-de-edad","status":"publish","type":"post","link":"https:\/\/ciudadtrujillo.com\/?p=28421","title":{"rendered":"Polic\u00eda del estado detiene a septuagenario en municipio Bol\u00edvar por violaci\u00f3n a menores de edad"},"content":{"rendered":"<p style=\"text-align: justify;\">Funcionarios del Cuerpo de Polic\u00eda del estado Trujillo aprehendieron en el sector El Guamo de la parroquia Chereg\u00fc\u00e9, municipio Bol\u00edvar, a un ciudadano de 72 a\u00f1os de edad por el delito de actos sexuales con v\u00edctimas especialmente vulnerables en raz\u00f3n de la edad y parentesco, seg\u00fan detalla la minuta de dicha instituci\u00f3n de seguridad.<\/p>\n<p style=\"text-align: justify;\">De acuerdo con la informaci\u00f3n policial, el septuagenario qued\u00f3 identificado como Osuna P., quien abusaba de gemelas de 14 a\u00f1os y un ni\u00f1o de 13 a\u00f1os, quienes son familia del agresor. Tambi\u00e9n se conoci\u00f3 que en el pasado viol\u00f3 a su hija mayor y la embaraz\u00f3.<\/p>\n<p style=\"text-align: justify;\">El victimario es de ocupaci\u00f3n agricultor, oriundo de San Rafael de Carvajal con residencia en la v\u00eda principal del sector Altamira de la parroquia Chereg\u00fc\u00e9 (Bol\u00edvar), quien al ser verificado por el Sistema de Investigaci\u00f3n e Informaci\u00f3n Policial (Siipol) arroj\u00f3 que el sujeto se encuentra sin novedad. El caso qued\u00f3 a la orden de la Fiscal\u00eda 9na del Ministerio P\u00fablico.<\/p>\n<p>&nbsp;<\/p>\n<p>&nbsp;<\/p>\n<h6>Yelimar Hidalgo\/Gr\u00e1ficas: cortes\u00eda<\/h6>\n","protected":false},"excerpt":{"rendered":"<p>Funcionarios del Cuerpo de Polic\u00eda del estado Trujillo aprehendieron en el sector El Guamo de la parroquia Chereg\u00fc\u00e9, municipio Bol\u00edvar, a un ciudadano de 72 a\u00f1os de edad por el&hellip; <\/p>\n","protected":false},"author":1,"featured_media":28422,"comment_status":"closed","ping_status":"closed","sticky":false,"template":"","format":"standard","meta":{"footnotes":""},"categories":[40],"tags":[],"class_list":["post-28421","post","type-post","status-publish","format-standard","has-post-thumbnail","hentry","category-grantrujillo"],"_links":{"self":[{"href":"https:\/\/ciudadtrujillo.com\/index.php?rest_route=\/wp\/v2\/posts\/28421","targetHints":{"allow":["GET"]}}],"collection":[{"href":"https:\/\/ciudadtrujillo.com\/index.php?rest_route=\/wp\/v2\/posts"}],"about":[{"href":"https:\/\/ciudadtrujillo.com\/index.php?rest_route=\/wp\/v2\/types\/post"}],"author":[{"embeddable":true,"href":"https:\/\/ciudadtrujillo.com\/index.php?rest_route=\/wp\/v2\/users\/1"}],"replies":[{"embeddable":true,"href":"https:\/\/ciudadtrujillo.com\/index.php?rest_route=%2Fwp%2Fv2%2Fcomments&post=28421"}],"version-history":[{"count":1,"href":"https:\/\/ciudadtrujillo.com\/index.php?rest_route=\/wp\/v2\/posts\/28421\/revisions"}],"predecessor-version":[{"id":28423,"href":"https:\/\/ciudadtrujillo.com\/index.php?rest_route=\/wp\/v2\/posts\/28421\/revisions\/28423"}],"wp:featuredmedia":[{"embeddable":true,"href":"https:\/\/ciudadtrujillo.com\/index.php?rest_route=\/wp\/v2\/media\/28422"}],"wp:attachment":[{"href":"https:\/\/ciudadtrujillo.com\/index.php?rest_route=%2Fwp%2Fv2%2Fmedia&parent=28421"}],"wp:term":[{"taxonomy":"category","embeddable":true,"href":"https:\/\/ciudadtrujillo.com\/index.php?rest_route=%2Fwp%2Fv2%2Fcategories&post=28421"},{"taxonomy":"post_tag","embeddable":true,"href":"https:\/\/ciudadtrujillo.com\/index.php?rest_route=%2Fwp%2Fv2%2Ftags&post=28421"}],"curies":[{"name":"wp","href":"https:\/\/api.w.org\/{rel}","templated":true}]}}