{"id":28259,"date":"2023-06-01T22:57:23","date_gmt":"2023-06-02T02:57:23","guid":{"rendered":"http:\/\/ciudadtrujillo.com\/?p=28259"},"modified":"2023-06-01T22:57:23","modified_gmt":"2023-06-02T02:57:23","slug":"reactivan-consultorio-odontologico-en-el-dividive","status":"publish","type":"post","link":"https:\/\/ciudadtrujillo.com\/?p=28259","title":{"rendered":"Reactivan Consultorio Odontol\u00f3gico en El Dividive"},"content":{"rendered":"<p style=\"text-align: justify;\">Como resultado de la gesti\u00f3n mancomunada de la Fundaci\u00f3n Trujillana de la Salud y el Gobierno Regional, hoy se reactiv\u00f3 el Consultorio Odontol\u00f3gico El Dividive, ubicado en el municipio Miranda.<\/p>\n<p style=\"text-align: justify;\">Luego de intensas labores de reparaci\u00f3n y reacondicionamiento, este espacio permanecer\u00e1 activo al servicio de la colectividad, bajo la atenci\u00f3n especializada de la Dra. Marilenys Brice\u00f1o, quien ofrecer\u00e1, gratuitamente, servicios de exodoncias, obturaciones con resina, amalgamas, artrectom\u00edas y aplicaci\u00f3n de fl\u00faor.<\/p>\n<p style=\"text-align: justify;\">Vale mencionar que el gobernador Mayor Gerardo M\u00e1rquez, recientemente, anunci\u00f3 que ser\u00edan reactivados los Consultorios Odontol\u00f3gicos de los centros asistenciales.<\/p>\n<p>&nbsp;<\/p>\n<p>&nbsp;<\/p>\n<h6>Prensa Fundasalud<\/h6>\n","protected":false},"excerpt":{"rendered":"<p>Como resultado de la gesti\u00f3n mancomunada de la Fundaci\u00f3n Trujillana de la Salud y el Gobierno Regional, hoy se reactiv\u00f3 el Consultorio Odontol\u00f3gico El Dividive, ubicado en el municipio Miranda.&hellip; <\/p>\n","protected":false},"author":1,"featured_media":28261,"comment_status":"closed","ping_status":"closed","sticky":false,"template":"","format":"standard","meta":{"footnotes":""},"categories":[40],"tags":[],"class_list":["post-28259","post","type-post","status-publish","format-standard","has-post-thumbnail","hentry","category-grantrujillo"],"_links":{"self":[{"href":"https:\/\/ciudadtrujillo.com\/index.php?rest_route=\/wp\/v2\/posts\/28259","targetHints":{"allow":["GET"]}}],"collection":[{"href":"https:\/\/ciudadtrujillo.com\/index.php?rest_route=\/wp\/v2\/posts"}],"about":[{"href":"https:\/\/ciudadtrujillo.com\/index.php?rest_route=\/wp\/v2\/types\/post"}],"author":[{"embeddable":true,"href":"https:\/\/ciudadtrujillo.com\/index.php?rest_route=\/wp\/v2\/users\/1"}],"replies":[{"embeddable":true,"href":"https:\/\/ciudadtrujillo.com\/index.php?rest_route=%2Fwp%2Fv2%2Fcomments&post=28259"}],"version-history":[{"count":1,"href":"https:\/\/ciudadtrujillo.com\/index.php?rest_route=\/wp\/v2\/posts\/28259\/revisions"}],"predecessor-version":[{"id":28262,"href":"https:\/\/ciudadtrujillo.com\/index.php?rest_route=\/wp\/v2\/posts\/28259\/revisions\/28262"}],"wp:featuredmedia":[{"embeddable":true,"href":"https:\/\/ciudadtrujillo.com\/index.php?rest_route=\/wp\/v2\/media\/28261"}],"wp:attachment":[{"href":"https:\/\/ciudadtrujillo.com\/index.php?rest_route=%2Fwp%2Fv2%2Fmedia&parent=28259"}],"wp:term":[{"taxonomy":"category","embeddable":true,"href":"https:\/\/ciudadtrujillo.com\/index.php?rest_route=%2Fwp%2Fv2%2Fcategories&post=28259"},{"taxonomy":"post_tag","embeddable":true,"href":"https:\/\/ciudadtrujillo.com\/index.php?rest_route=%2Fwp%2Fv2%2Ftags&post=28259"}],"curies":[{"name":"wp","href":"https:\/\/api.w.org\/{rel}","templated":true}]}}