{"id":28204,"date":"2023-05-31T21:15:01","date_gmt":"2023-06-01T01:15:01","guid":{"rendered":"http:\/\/ciudadtrujillo.com\/?p=28204"},"modified":"2023-05-31T21:15:01","modified_gmt":"2023-06-01T01:15:01","slug":"fortalecen-parque-automotor-de-la-policia-del-estado-con-plan-de-mantenimiento","status":"publish","type":"post","link":"https:\/\/ciudadtrujillo.com\/?p=28204","title":{"rendered":"Fortalecen parque automotor de la Polic\u00eda del estado con plan de mantenimiento"},"content":{"rendered":"<p style=\"text-align: justify;\">En el marco del sexto v\u00e9rtice de la Gran Misi\u00f3n Cuadrantes de Paz para el fortalecimiento de los \u00f3rganos de seguridad ciudadana y cumpliendo orientaciones del gobernador My. Gerardo M\u00e1rquez, el Cuerpo de Polic\u00eda del estado Trujillo (CPET) avanza con el plan continuo de mantenimiento al parque automotor.<\/p>\n<p style=\"text-align: justify;\">En este sentido, bajo las gestiones del Comandante del CPET, My. Yelffry Adames, se realiz\u00f3 mantenimiento a nueve patrullas, un autob\u00fas, una ambulancia, tres Jac, 10 motos y una gr\u00faa.<\/p>\n<p style=\"text-align: justify;\">El plan incluy\u00f3, entre otras cosas, el rotulado a los veh\u00edculos, mantenimiento de los motores, cambio de cauchos, bater\u00edas, aceite, coctelera policial (luces), as\u00ed como pintura y tapicer\u00eda.<\/p>\n<p style=\"text-align: justify;\">De esta manera, contin\u00faan los esfuerzos para ampliar la vida \u00fatil de las unidades y robustecer el accionar del CPET.<\/p>\n<p style=\"text-align: justify;\">\n<p>&nbsp;<\/p>\n<h6>Yarlenis Albarr\u00e1n\/Gr\u00e1fica: Fernando Chuecos<\/h6>\n","protected":false},"excerpt":{"rendered":"<p>En el marco del sexto v\u00e9rtice de la Gran Misi\u00f3n Cuadrantes de Paz para el fortalecimiento de los \u00f3rganos de seguridad ciudadana y cumpliendo orientaciones del gobernador My. Gerardo M\u00e1rquez,&hellip; <\/p>\n","protected":false},"author":1,"featured_media":28205,"comment_status":"closed","ping_status":"closed","sticky":false,"template":"","format":"standard","meta":{"footnotes":""},"categories":[40],"tags":[],"class_list":["post-28204","post","type-post","status-publish","format-standard","has-post-thumbnail","hentry","category-grantrujillo"],"_links":{"self":[{"href":"https:\/\/ciudadtrujillo.com\/index.php?rest_route=\/wp\/v2\/posts\/28204","targetHints":{"allow":["GET"]}}],"collection":[{"href":"https:\/\/ciudadtrujillo.com\/index.php?rest_route=\/wp\/v2\/posts"}],"about":[{"href":"https:\/\/ciudadtrujillo.com\/index.php?rest_route=\/wp\/v2\/types\/post"}],"author":[{"embeddable":true,"href":"https:\/\/ciudadtrujillo.com\/index.php?rest_route=\/wp\/v2\/users\/1"}],"replies":[{"embeddable":true,"href":"https:\/\/ciudadtrujillo.com\/index.php?rest_route=%2Fwp%2Fv2%2Fcomments&post=28204"}],"version-history":[{"count":1,"href":"https:\/\/ciudadtrujillo.com\/index.php?rest_route=\/wp\/v2\/posts\/28204\/revisions"}],"predecessor-version":[{"id":28206,"href":"https:\/\/ciudadtrujillo.com\/index.php?rest_route=\/wp\/v2\/posts\/28204\/revisions\/28206"}],"wp:featuredmedia":[{"embeddable":true,"href":"https:\/\/ciudadtrujillo.com\/index.php?rest_route=\/wp\/v2\/media\/28205"}],"wp:attachment":[{"href":"https:\/\/ciudadtrujillo.com\/index.php?rest_route=%2Fwp%2Fv2%2Fmedia&parent=28204"}],"wp:term":[{"taxonomy":"category","embeddable":true,"href":"https:\/\/ciudadtrujillo.com\/index.php?rest_route=%2Fwp%2Fv2%2Fcategories&post=28204"},{"taxonomy":"post_tag","embeddable":true,"href":"https:\/\/ciudadtrujillo.com\/index.php?rest_route=%2Fwp%2Fv2%2Ftags&post=28204"}],"curies":[{"name":"wp","href":"https:\/\/api.w.org\/{rel}","templated":true}]}}